{"id":47,"date":"2013-03-29T10:09:39","date_gmt":"2013-03-29T09:09:39","guid":{"rendered":"http:\/\/5.45.101.177\/haut-allier\/usagers-transportse\/index.php\/2013\/03\/29\/l-association-des-elus-pour-la047\/"},"modified":"2013-03-29T10:09:39","modified_gmt":"2013-03-29T09:09:39","slug":"l-association-des-elus-pour-la047","status":"publish","type":"post","link":"https:\/\/usagers-transports.haut-allier.eu\/index.php\/2013\/03\/29\/l-association-des-elus-pour-la047\/","title":{"rendered":"L&rsquo;association des \u00e9lus pour la d\u00e9fense du C\u00e9venol demande \u00e0 G. P\u00e9py le r\u00e9tablissement en 2014 du parcours int\u00e9gral Clermont Marseille"},"content":{"rendered":"<p>Lettre motiv\u00e9e, sans doute dernier avertissement avant la saisie du tribunal administratif, envoy\u00e9e au pr\u00e9sident de la SNCF suite \u00e0 sa derni\u00e8re assembl\u00e9e g\u00e9n\u00e9rale de Langogne pour demander <em>\u00ab\u00a0le r\u00e9tablissement des circulations du C\u00e9venol sur l&rsquo;int\u00e9gralit\u00e9 du parcours Clermond Fd \/ N\u00eemes Marseille (et invers\u00e9ment) d\u00e8s 2014, et la r\u00e9servation des sillons n\u00e9cessaires aupr\u00e8s de RFF avant le 5 avril\u00a0\u00bb<\/em>. Voici la lettre int\u00e9grale :<\/p>\n<p><img loading=\"lazy\" decoding=\"async\" class=\" aligncenter size-full wp-image-1412\" src=\"http:\/\/5.45.101.177\/haut-allier\/usagers-transportse\/wp-content\/uploads\/2013\/03\/courrier-20130326_assoc-sncf.jpg\" alt=\"courrier-20130326_assoc-sncf.jpg\" align=\"center\" width=\"797\" height=\"987\" srcset=\"https:\/\/usagers-transports.haut-allier.eu\/wp-content\/uploads\/2013\/03\/courrier-20130326_assoc-sncf.jpg 797w, https:\/\/usagers-transports.haut-allier.eu\/wp-content\/uploads\/2013\/03\/courrier-20130326_assoc-sncf-242x300.jpg 242w, https:\/\/usagers-transports.haut-allier.eu\/wp-content\/uploads\/2013\/03\/courrier-20130326_assoc-sncf-768x951.jpg 768w\" sizes=\"auto, (max-width: 797px) 100vw, 797px\" \/><\/p>\n","protected":false},"excerpt":{"rendered":"<p>Lettre motiv\u00e9e, sans doute dernier avertissement avant la saisie du tribunal administratif, envoy\u00e9e au pr\u00e9sident de la SNCF<\/p>\n","protected":false},"author":1,"featured_media":1412,"comment_status":"closed","ping_status":"open","sticky":false,"template":"","format":"standard","meta":{"footnotes":""},"categories":[2],"tags":[],"class_list":["post-47","post","type-post","status-publish","format-standard","has-post-thumbnail","hentry","category-infos"],"_links":{"self":[{"href":"https:\/\/usagers-transports.haut-allier.eu\/index.php\/wp-json\/wp\/v2\/posts\/47","targetHints":{"allow":["GET"]}}],"collection":[{"href":"https:\/\/usagers-transports.haut-allier.eu\/index.php\/wp-json\/wp\/v2\/posts"}],"about":[{"href":"https:\/\/usagers-transports.haut-allier.eu\/index.php\/wp-json\/wp\/v2\/types\/post"}],"author":[{"embeddable":true,"href":"https:\/\/usagers-transports.haut-allier.eu\/index.php\/wp-json\/wp\/v2\/users\/1"}],"replies":[{"embeddable":true,"href":"https:\/\/usagers-transports.haut-allier.eu\/index.php\/wp-json\/wp\/v2\/comments?post=47"}],"version-history":[{"count":0,"href":"https:\/\/usagers-transports.haut-allier.eu\/index.php\/wp-json\/wp\/v2\/posts\/47\/revisions"}],"wp:featuredmedia":[{"embeddable":true,"href":"https:\/\/usagers-transports.haut-allier.eu\/index.php\/wp-json\/wp\/v2\/media\/1412"}],"wp:attachment":[{"href":"https:\/\/usagers-transports.haut-allier.eu\/index.php\/wp-json\/wp\/v2\/media?parent=47"}],"wp:term":[{"taxonomy":"category","embeddable":true,"href":"https:\/\/usagers-transports.haut-allier.eu\/index.php\/wp-json\/wp\/v2\/categories?post=47"},{"taxonomy":"post_tag","embeddable":true,"href":"https:\/\/usagers-transports.haut-allier.eu\/index.php\/wp-json\/wp\/v2\/tags?post=47"}],"curies":[{"name":"wp","href":"https:\/\/api.w.org\/{rel}","templated":true}]}}