{"id":471,"date":"2018-05-22T20:05:40","date_gmt":"2018-05-22T18:05:40","guid":{"rendered":"http:\/\/5.45.101.177\/haut-allier\/usagers-transportse\/index.php\/2018\/05\/22\/enterrement-de-la-ligne-du-train471\/"},"modified":"2018-05-22T20:05:40","modified_gmt":"2018-05-22T18:05:40","slug":"enterrement-de-la-ligne-du-train471","status":"publish","type":"post","link":"https:\/\/usagers-transports.haut-allier.eu\/index.php\/2018\/05\/22\/enterrement-de-la-ligne-du-train471\/","title":{"rendered":"Enterrement de la ligne du train C\u00e9venol par la SNCF : l&rsquo;association des \u00e9lus menace"},"content":{"rendered":"<p>L&rsquo;association des \u00e9lus pour la d\u00e9fense du C\u00e9venol vient de r\u00e9diger le communiqu\u00e9 de presse suivant, sommant la direction SNCF de r\u00e9tablir de toute urgence la circulation des trains ainsi que la r\u00e9gion Auvergne Rh\u00f4ne Alpes de jouer son r\u00f4le d&rsquo;autorit\u00e9 organisatrice des trains r\u00e9gionaux :<br \/>\n&nbsp;<br \/>\n<img loading=\"lazy\" decoding=\"async\" class=\" aligncenter size-full wp-image-2379\" src=\"http:\/\/5.45.101.177\/haut-allier\/usagers-transportse\/wp-content\/uploads\/2018\/05\/img_22421.jpg\" alt=\"img_22421.jpg\" align=\"center\" width=\"640\" height=\"944\" srcset=\"https:\/\/usagers-transports.haut-allier.eu\/wp-content\/uploads\/2018\/05\/img_22421.jpg 640w, https:\/\/usagers-transports.haut-allier.eu\/wp-content\/uploads\/2018\/05\/img_22421-203x300.jpg 203w\" sizes=\"auto, (max-width: 640px) 100vw, 640px\" \/><br \/>\n&nbsp;<br \/>\nIl faut bien dire que l&rsquo;indignation est g\u00e9n\u00e9rale dans le Haut Allier et sur toute la ligne de N\u00eemes \u00e0 Clermont Ferrand, apr\u00e8s une conf\u00e9rence de presse donn\u00e9e le 17 mai dernier \u00e0 Brioude par son maire Jean-Jacques Faucher et le d\u00e9put\u00e9 Peter Vigier.<br \/>\n&nbsp;<br \/>\nLa Montagne : <a href=\"https:\/\/www.lamontagne.fr\/brioude\/transport\/politique\/2018\/05\/19\/les-elus-de-haute-loire-denoncent-l-absence-de-trains-meme-les-jours-ou-la-greve-sncf-na-pas-lieu_12853569.html\">Les \u00e9lus de Haute-Loire d\u00e9noncent l&rsquo;absence de trains m\u00eame les jours o\u00f9 la gr\u00e8ve SNCF n\u2019a pas lieu<\/a><br \/>\n&nbsp;<br \/>\nNotre collectif a interpell\u00e9 Laurent Wauquiez pr\u00e9sident de r\u00e9gion le 18 mai \u00e0 Alleyras qui a dit <a href=\"http:\/\/usagers-transports.haut-allier.eu\/?exclusif-interview-de-wauquiez-au,469\"><strong>qu&rsquo;il allait regarder<\/strong><\/a>, ne semblant pas du tout au fait de la situation.<br \/>\n&nbsp;<\/p>\n","protected":false},"excerpt":{"rendered":"<p>L&rsquo;association des \u00e9lus pour la d\u00e9fense du C\u00e9venol vient de r\u00e9diger le communiqu\u00e9 de presse suivant, sommant la<\/p>\n","protected":false},"author":1,"featured_media":2378,"comment_status":"open","ping_status":"open","sticky":false,"template":"","format":"standard","meta":{"footnotes":""},"categories":[3],"tags":[],"class_list":["post-471","post","type-post","status-publish","format-standard","has-post-thumbnail","hentry","category-en-train"],"_links":{"self":[{"href":"https:\/\/usagers-transports.haut-allier.eu\/index.php\/wp-json\/wp\/v2\/posts\/471","targetHints":{"allow":["GET"]}}],"collection":[{"href":"https:\/\/usagers-transports.haut-allier.eu\/index.php\/wp-json\/wp\/v2\/posts"}],"about":[{"href":"https:\/\/usagers-transports.haut-allier.eu\/index.php\/wp-json\/wp\/v2\/types\/post"}],"author":[{"embeddable":true,"href":"https:\/\/usagers-transports.haut-allier.eu\/index.php\/wp-json\/wp\/v2\/users\/1"}],"replies":[{"embeddable":true,"href":"https:\/\/usagers-transports.haut-allier.eu\/index.php\/wp-json\/wp\/v2\/comments?post=471"}],"version-history":[{"count":0,"href":"https:\/\/usagers-transports.haut-allier.eu\/index.php\/wp-json\/wp\/v2\/posts\/471\/revisions"}],"wp:featuredmedia":[{"embeddable":true,"href":"https:\/\/usagers-transports.haut-allier.eu\/index.php\/wp-json\/wp\/v2\/media\/2378"}],"wp:attachment":[{"href":"https:\/\/usagers-transports.haut-allier.eu\/index.php\/wp-json\/wp\/v2\/media?parent=471"}],"wp:term":[{"taxonomy":"category","embeddable":true,"href":"https:\/\/usagers-transports.haut-allier.eu\/index.php\/wp-json\/wp\/v2\/categories?post=471"},{"taxonomy":"post_tag","embeddable":true,"href":"https:\/\/usagers-transports.haut-allier.eu\/index.php\/wp-json\/wp\/v2\/tags?post=471"}],"curies":[{"name":"wp","href":"https:\/\/api.w.org\/{rel}","templated":true}]}}