{"id":474,"date":"2018-05-28T11:01:55","date_gmt":"2018-05-28T09:01:55","guid":{"rendered":"http:\/\/5.45.101.177\/haut-allier\/usagers-transportse\/index.php\/2018\/05\/28\/rives-du-haut-allier-fin-du474\/"},"modified":"2018-05-28T11:01:55","modified_gmt":"2018-05-28T09:01:55","slug":"rives-du-haut-allier-fin-du474","status":"publish","type":"post","link":"https:\/\/usagers-transports.haut-allier.eu\/index.php\/2018\/05\/28\/rives-du-haut-allier-fin-du474\/","title":{"rendered":"Rives du Haut-Allier : fin du transport scolaire gratuit et perte de 28 \u00e9l\u00e8ves loz\u00e9riens"},"content":{"rendered":"<p>Il n&rsquo;y a pas que le train irriguant le Haut-Allier dont la r\u00e9gion Auvergne Rh\u00f4ne Alpes veut se d\u00e9barrasser, les transports scolaires et les \u00e9l\u00e8ves aussi : \u00e0 cause d&rsquo;un montant de participation demand\u00e9 trop haut la communaut\u00e9 de communes des Rives du Haut-Allier se voit oblig\u00e9e de supprimer le transport gratuit aux \u00e9l\u00e8ves de Paulhaguet et aussi cesser l&rsquo;aide accord\u00e9e aux \u00e9l\u00e8ves limitrophes de Loz\u00e8re dont les familles devront d\u00e9sormais d\u00e9bourser une fortune en transports.<br \/>\n&nbsp;<br \/>\nOn voudrait acc\u00e9l\u00e9rer le processus de d\u00e9sertification du Haut-Allier et du G\u00e9vaudan on ne ferait pas mieux.<br \/>\n&nbsp;<br \/>\nC&rsquo;est un article \u00e0 lire dans la Montagne :  <a href=\"https:\/\/www.lamontagne.fr\/langeac\/institutions\/education\/2018\/05\/27\/rives-du-haut-allier-le-transport-scolaire-gratuit-c-est-termine_12862747.html#refresh\"><em>Rives du Haut-Allier : le transport scolaire gratuit, c&rsquo;est termin\u00e9<\/em> <\/a><br \/>\n&nbsp;<\/p>\n","protected":false},"excerpt":{"rendered":"<p>Il n&rsquo;y a pas que le train irriguant le Haut-Allier dont la r\u00e9gion Auvergne Rh\u00f4ne Alpes veut se<\/p>\n","protected":false},"author":1,"featured_media":2383,"comment_status":"open","ping_status":"open","sticky":false,"template":"","format":"standard","meta":{"footnotes":""},"categories":[4],"tags":[],"class_list":["post-474","post","type-post","status-publish","format-standard","has-post-thumbnail","hentry","category-en-bus"],"_links":{"self":[{"href":"https:\/\/usagers-transports.haut-allier.eu\/index.php\/wp-json\/wp\/v2\/posts\/474","targetHints":{"allow":["GET"]}}],"collection":[{"href":"https:\/\/usagers-transports.haut-allier.eu\/index.php\/wp-json\/wp\/v2\/posts"}],"about":[{"href":"https:\/\/usagers-transports.haut-allier.eu\/index.php\/wp-json\/wp\/v2\/types\/post"}],"author":[{"embeddable":true,"href":"https:\/\/usagers-transports.haut-allier.eu\/index.php\/wp-json\/wp\/v2\/users\/1"}],"replies":[{"embeddable":true,"href":"https:\/\/usagers-transports.haut-allier.eu\/index.php\/wp-json\/wp\/v2\/comments?post=474"}],"version-history":[{"count":0,"href":"https:\/\/usagers-transports.haut-allier.eu\/index.php\/wp-json\/wp\/v2\/posts\/474\/revisions"}],"wp:featuredmedia":[{"embeddable":true,"href":"https:\/\/usagers-transports.haut-allier.eu\/index.php\/wp-json\/wp\/v2\/media\/2383"}],"wp:attachment":[{"href":"https:\/\/usagers-transports.haut-allier.eu\/index.php\/wp-json\/wp\/v2\/media?parent=474"}],"wp:term":[{"taxonomy":"category","embeddable":true,"href":"https:\/\/usagers-transports.haut-allier.eu\/index.php\/wp-json\/wp\/v2\/categories?post=474"},{"taxonomy":"post_tag","embeddable":true,"href":"https:\/\/usagers-transports.haut-allier.eu\/index.php\/wp-json\/wp\/v2\/tags?post=474"}],"curies":[{"name":"wp","href":"https:\/\/api.w.org\/{rel}","templated":true}]}}