{"id":476,"date":"2018-06-02T07:26:33","date_gmt":"2018-06-02T05:26:33","guid":{"rendered":"http:\/\/5.45.101.177\/haut-allier\/usagers-transportse\/index.php\/2018\/06\/02\/suppression-des-ter-ligne-clermont476\/"},"modified":"2018-06-02T07:26:33","modified_gmt":"2018-06-02T05:26:33","slug":"suppression-des-ter-ligne-clermont476","status":"publish","type":"post","link":"https:\/\/usagers-transports.haut-allier.eu\/index.php\/2018\/06\/02\/suppression-des-ter-ligne-clermont476\/","title":{"rendered":"Suppression des TER ligne Clermont Ferrand N\u00eemes : la SNCF \u00e9conomise sur le dos des usagers et de la r\u00e9gion AURA"},"content":{"rendered":"<p>Et donc du contribuable. Et donc un triple gain pour elle : Aucun service pour l&rsquo;usager, Il payera de toutes fa\u00e7ons les indemnit\u00e9s vers\u00e9es \u00e0 la r\u00e9gion AURA, et elle fait de plus des \u00e9conomies. Le bon calcul. Ci-dessous l&rsquo;analyse d&rsquo;un aficionado ferroviaire bien connu sur la ligne que nous remercions.<br \/>\n&nbsp;<br \/>\nDu 5 mai au 4 juin 2018, hors jours de gr\u00e8ve SNCF, la Direction r\u00e9gionale SNCF de Lyon aura \u00ab\u00a0\u00e9conomis\u00e9\u00a0\u00bb sur le dos du Conseil r\u00e9gional d&rsquo;Auvergne-Rh\u00f4ne-Alpes (AOT de tutelle et financeur) 19176 km de trajet (dont 7484 en Occitanie-Pyr\u00e9n\u00e9es-M\u00e9diterrann\u00e9e et 11592 en Auvergne-Rh\u00f4ne-Alpes) suite \u00e0 suppression, sans raison et en toute ill\u00e9galit\u00e9, de 69 TER (matin et soir) entre Clermont-Ferrand et N\u00eemes !<br \/>\nUn v\u00e9ritable drame pour le tourisme et des usagers r\u00e9guliers en gal\u00e8re, notamment les personnes \u00e2g\u00e9es et autres \u00ab\u00a0sans voiture\u00a0\u00bb&#8230;<br \/>\n&nbsp;<br \/>\nVoici la liste r\u00e9capitulative (cliquer) :<br \/>\n&nbsp;<br \/>\n<img loading=\"lazy\" decoding=\"async\" class=\" aligncenter size-full wp-image-2386\" src=\"http:\/\/5.45.101.177\/haut-allier\/usagers-transportse\/wp-content\/uploads\/2018\/06\/cfd-nim_auvergne-occitanie_suppressions-trains_pta-hors-greve.jpg\" alt=\"cfd-nim_auvergne-occitanie_suppressions-trains_pta-hors-greve.jpg\" align=\"center\" width=\"984\" height=\"1856\" srcset=\"https:\/\/usagers-transports.haut-allier.eu\/wp-content\/uploads\/2018\/06\/cfd-nim_auvergne-occitanie_suppressions-trains_pta-hors-greve.jpg 984w, https:\/\/usagers-transports.haut-allier.eu\/wp-content\/uploads\/2018\/06\/cfd-nim_auvergne-occitanie_suppressions-trains_pta-hors-greve-159x300.jpg 159w, https:\/\/usagers-transports.haut-allier.eu\/wp-content\/uploads\/2018\/06\/cfd-nim_auvergne-occitanie_suppressions-trains_pta-hors-greve-543x1024.jpg 543w, https:\/\/usagers-transports.haut-allier.eu\/wp-content\/uploads\/2018\/06\/cfd-nim_auvergne-occitanie_suppressions-trains_pta-hors-greve-768x1449.jpg 768w, https:\/\/usagers-transports.haut-allier.eu\/wp-content\/uploads\/2018\/06\/cfd-nim_auvergne-occitanie_suppressions-trains_pta-hors-greve-814x1536.jpg 814w\" sizes=\"auto, (max-width: 984px) 100vw, 984px\" \/><br \/>\n&nbsp;<br \/>\nCela \u00e9quivaut \u00e9galement \u00e0 environ 2 (agent de conduite + agent d&rsquo;accompagnement) x 69 x 5h (dur\u00e9e moyenne trajet) = 690 h \u00ab\u00a0\u00e9conomis\u00e9es\u00a0\u00bb sur la paye du personnel !<br \/>\n&nbsp;<br \/>\n<strong>La \u00ab\u00a0gr\u00e8ve\u00a0\u00bb a donc bon dos pour les dirigeants de la SNCF<\/strong> qui pr\u00e9textent la difficult\u00e9 \u00e0 r\u00e9tablir des roulements \u00ab\u00a0normaux\u00a0\u00bb et d&rsquo;entretenir le mat\u00e9riel entre les p\u00e9riodes de gr\u00e8ve&#8230;<br \/>\n&nbsp;<br \/>\nEn r\u00e9alit\u00e9, \u00e0 quelques exceptions pr\u00e8s, tout cela n&rsquo;est que mensonge et les cheminots, aupr\u00e8s desquels les \u00e9lus n&rsquo;ont pas manqu\u00e9 de se renseigner, confirment que du mat\u00e9riel et des conducteurs sont disponibles \u00e0 N\u00eemes comme \u00e0 Clermont-Ferrand pour faire circuler les trains !<br \/>\n&nbsp;<br \/>\nCe qui se passe sur la Ligne des C\u00e9vennes n&rsquo;est malheureusement pas un cas isol\u00e9 (voir le cas de Grenoble &#8211; Gap, qui montre que la mobilisation des usagers et des \u00e9lus, avec l&rsquo;aide des cheminots, peut fonctionner et inverser la donne !<br \/>\n&nbsp;<br \/>\n<strong>NE L\u00c2CHONS RIEN POUR N\u00ceMES &#8211; CLERMONT !<\/strong><br \/>\n&nbsp;<br \/>\nLa volont\u00e9 d\u00e9lib\u00e9r\u00e9e de la Direction g\u00e9n\u00e9rale de la SNCF d&rsquo;arriver \u00e0 fermer les \u00ab\u00a0petites\u00a0\u00bb lignes par anticipation, sur justification d&rsquo;une fr\u00e9quentation quasi-nulle de fait, avant m\u00eame toute prise de d\u00e9cision gouvernementale \u00ab\u00a0refil\u00e9e\u00a0\u00bb de force aux r\u00e9gions, est INACCEPTABLE ! De surcro\u00eet quand des sommes importantes ont \u00e9t\u00e9 vers\u00e9es par les r\u00e9gions depuis des ann\u00e9es pour participer \u00e0 l&rsquo;entretien et \u00e0 la r\u00e9novation des infrastructures, pourtant du ressort exclusif de l&rsquo;\u00c9tat, clairement d\u00e9faillant !<\/p>\n","protected":false},"excerpt":{"rendered":"<p>Et donc du contribuable. Et donc un triple gain pour elle : Aucun service pour l&rsquo;usager, Il payera<\/p>\n","protected":false},"author":1,"featured_media":2385,"comment_status":"open","ping_status":"open","sticky":false,"template":"","format":"standard","meta":{"footnotes":""},"categories":[2],"tags":[],"class_list":["post-476","post","type-post","status-publish","format-standard","has-post-thumbnail","hentry","category-infos"],"_links":{"self":[{"href":"https:\/\/usagers-transports.haut-allier.eu\/index.php\/wp-json\/wp\/v2\/posts\/476","targetHints":{"allow":["GET"]}}],"collection":[{"href":"https:\/\/usagers-transports.haut-allier.eu\/index.php\/wp-json\/wp\/v2\/posts"}],"about":[{"href":"https:\/\/usagers-transports.haut-allier.eu\/index.php\/wp-json\/wp\/v2\/types\/post"}],"author":[{"embeddable":true,"href":"https:\/\/usagers-transports.haut-allier.eu\/index.php\/wp-json\/wp\/v2\/users\/1"}],"replies":[{"embeddable":true,"href":"https:\/\/usagers-transports.haut-allier.eu\/index.php\/wp-json\/wp\/v2\/comments?post=476"}],"version-history":[{"count":0,"href":"https:\/\/usagers-transports.haut-allier.eu\/index.php\/wp-json\/wp\/v2\/posts\/476\/revisions"}],"wp:featuredmedia":[{"embeddable":true,"href":"https:\/\/usagers-transports.haut-allier.eu\/index.php\/wp-json\/wp\/v2\/media\/2385"}],"wp:attachment":[{"href":"https:\/\/usagers-transports.haut-allier.eu\/index.php\/wp-json\/wp\/v2\/media?parent=476"}],"wp:term":[{"taxonomy":"category","embeddable":true,"href":"https:\/\/usagers-transports.haut-allier.eu\/index.php\/wp-json\/wp\/v2\/categories?post=476"},{"taxonomy":"post_tag","embeddable":true,"href":"https:\/\/usagers-transports.haut-allier.eu\/index.php\/wp-json\/wp\/v2\/tags?post=476"}],"curies":[{"name":"wp","href":"https:\/\/api.w.org\/{rel}","templated":true}]}}