{"id":477,"date":"2018-06-07T07:29:05","date_gmt":"2018-06-07T05:29:05","guid":{"rendered":"http:\/\/5.45.101.177\/haut-allier\/usagers-transportse\/index.php\/2018\/06\/07\/les-usagers-decident-d-interpeller477\/"},"modified":"2018-06-07T07:29:05","modified_gmt":"2018-06-07T05:29:05","slug":"les-usagers-decident-d-interpeller477","status":"publish","type":"post","link":"https:\/\/usagers-transports.haut-allier.eu\/index.php\/2018\/06\/07\/les-usagers-decident-d-interpeller477\/","title":{"rendered":"Les usagers d\u00e9cident d&rsquo;interpeller quotidiennent Wauquiez sur la disparition des TER Aura de la ligne Clermont N\u00eemes"},"content":{"rendered":"<p>Les groupes d&rsquo;usagers ont d\u00e9cid\u00e9 \u00e0 partir de ce jour d&rsquo;envoyer tous les jours au pr\u00e9sident de la r\u00e9gion Auvergne Rh\u00f4ne Alpes et ses services un rappel concernant leur inaction et leur silence complices concernant la suppression des trains r\u00e9gionaux sur la ligne Clermont-Ferrand N\u00eemes.<br \/>\n&nbsp;<br \/>\nA la mani\u00e8re du service de presse de la SNCF qui inonde tous les soirs les r\u00e9dactions du pays avec ses -fausses- pr\u00e9visions de trafic durant les jours de gr\u00e8ve, les usagers feront ainsi \u00e9galement leur d\u00e9compte propre avec copie \u00e0 la presse et aux m\u00e9dias.<br \/>\n&nbsp;<\/p>\n<p>[(<br \/>\n<em><br \/>\n<strong>\u00ab\u00a0Monsieur le Pr\u00e9sident du Conseil r\u00e9gional d&rsquo;Auvergne-Rh\u00f4ne-Alpes,<br \/>\n&nbsp;<br \/>\nMadame la Vice-Pr\u00e9sidente en charge des Transports,<br \/>\n&nbsp;<br \/>\nCela fait maintenant 21 jours, hors jours de gr\u00e8ve \u00e0 la SNCF, que les trains n\u00b0873990, n\u00b0873991\/873993, n\u00b0873994 et n\u00b0873995 ne circulent plus sur la Ligne des C\u00e9vennes entre Clermont-Ferrand et N\u00eemes.<br \/>\n&nbsp;<br \/>\nMerci, en tant qu&rsquo;Autorit\u00e9 Organisatrice des Transports, d&rsquo;agir aupr\u00e8s de la Direction r\u00e9gionale SNCF de Lyon pour ne pas oublier les usagers, bien r\u00e9els, d\u00e9consid\u00e9r\u00e9s et pris en otages, ni les acteurs du tourisme local qui ont urgemment besoin que soient r\u00e9tablies ces circulations TER Auvergne-Rh\u00f4ne-Alpes.\u00a0\u00bb<br \/>\n&nbsp;<br \/>\nNous tenons inform\u00e9s quotidiennement la presse et les m\u00e9dias de votre r\u00e9ponse. <\/strong><br \/>\n<\/em><br \/>\n)]<\/p>\n","protected":false},"excerpt":{"rendered":"<p>Les groupes d&rsquo;usagers ont d\u00e9cid\u00e9 \u00e0 partir de ce jour d&rsquo;envoyer tous les jours au pr\u00e9sident de la<\/p>\n","protected":false},"author":1,"featured_media":2387,"comment_status":"open","ping_status":"open","sticky":false,"template":"","format":"standard","meta":{"footnotes":""},"categories":[8],"tags":[],"class_list":["post-477","post","type-post","status-publish","format-standard","has-post-thumbnail","hentry","category-communiques"],"_links":{"self":[{"href":"https:\/\/usagers-transports.haut-allier.eu\/index.php\/wp-json\/wp\/v2\/posts\/477","targetHints":{"allow":["GET"]}}],"collection":[{"href":"https:\/\/usagers-transports.haut-allier.eu\/index.php\/wp-json\/wp\/v2\/posts"}],"about":[{"href":"https:\/\/usagers-transports.haut-allier.eu\/index.php\/wp-json\/wp\/v2\/types\/post"}],"author":[{"embeddable":true,"href":"https:\/\/usagers-transports.haut-allier.eu\/index.php\/wp-json\/wp\/v2\/users\/1"}],"replies":[{"embeddable":true,"href":"https:\/\/usagers-transports.haut-allier.eu\/index.php\/wp-json\/wp\/v2\/comments?post=477"}],"version-history":[{"count":0,"href":"https:\/\/usagers-transports.haut-allier.eu\/index.php\/wp-json\/wp\/v2\/posts\/477\/revisions"}],"wp:featuredmedia":[{"embeddable":true,"href":"https:\/\/usagers-transports.haut-allier.eu\/index.php\/wp-json\/wp\/v2\/media\/2387"}],"wp:attachment":[{"href":"https:\/\/usagers-transports.haut-allier.eu\/index.php\/wp-json\/wp\/v2\/media?parent=477"}],"wp:term":[{"taxonomy":"category","embeddable":true,"href":"https:\/\/usagers-transports.haut-allier.eu\/index.php\/wp-json\/wp\/v2\/categories?post=477"},{"taxonomy":"post_tag","embeddable":true,"href":"https:\/\/usagers-transports.haut-allier.eu\/index.php\/wp-json\/wp\/v2\/tags?post=477"}],"curies":[{"name":"wp","href":"https:\/\/api.w.org\/{rel}","templated":true}]}}