{"id":478,"date":"2018-06-19T11:14:24","date_gmt":"2018-06-19T09:14:24","guid":{"rendered":"http:\/\/5.45.101.177\/haut-allier\/usagers-transportse\/index.php\/2018\/06\/19\/placons-sous-surveillance478\/"},"modified":"2018-06-19T11:14:24","modified_gmt":"2018-06-19T09:14:24","slug":"placons-sous-surveillance478","status":"publish","type":"post","link":"https:\/\/usagers-transports.haut-allier.eu\/index.php\/2018\/06\/19\/placons-sous-surveillance478\/","title":{"rendered":"Pla\u00e7ons sous surveillance citoyenne la ligne de vie SNCF B\u00e9ziers Neussargues Clermont Paris"},"content":{"rendered":"<p>Le Comit\u00e9 Pluraliste vous invite \u00e0 prendre \u00ab Le Train des Citoyens et du Service Public \u00bb<br \/>\n&nbsp;<br \/>\n<strong>Samedi 30 juin 2018 de B\u00e9darieux \u00e0 St Flour<\/strong><br \/>\n&nbsp;<br \/>\nAvec rassemblements en gare de St Ch\u00e9ly \u00e0 10h30 et en gare de St Flour \u00e0 14h00.<br \/>\n&nbsp;<br \/>\nVoici son communiqu\u00e9 :<br \/>\n&nbsp;<br \/>\n<em>La r\u00e9forme ferroviaire propos\u00e9e par le gouvernement et les Directions SNCF ne garantit pas l\u2019avenir de la ligne parce que :<br \/>\n&nbsp;<br \/>\n&#8211; Aucune garantie financi\u00e8re, humaine, technique n\u2019existe aujourd\u2019hui pour que le train Intercit\u00e9s National l\u2019Aubrac continue \u00e0 circuler apr\u00e8s le 1er d\u00e9cembre de cette ann\u00e9e.<br \/>\n&#8211; Aucun investissement significatif n\u2019est programm\u00e9 par SNCF R\u00e9seau pour lever<br \/>\nl\u2019interdiction de circulation des trains de marchandise entre B\u00e9ziers-Marvejols.<br \/>\n&#8211; Aucun remplacement d\u2019emploi de cheminots partant \u00e0 la retraite n\u2019est envisag\u00e9.<br \/>\n&nbsp;<br \/>\nLe changement de statut de la SNCF d\u2019EPIC en Soci\u00e9t\u00e9 Anonyme \u00e0 Capitaux Public ne permettrait plus la garantie financi\u00e8re illimit\u00e9e de l\u2019Etat sur l\u2019emprunt. Les choix des investissements se feraient sur des choix de rentabilit\u00e9 financi\u00e8re et non sur l\u2019am\u00e9nagement du territoire. De plus, la Direction SNCF envisage des mesures d\u2019\u00e9conomie draconienne avec une mutation des personnels, des moyens techniques et des investissements vers ce qui semble le plus rentable financi\u00e8rement : les M\u00e9tropoles, les TGV les plus fr\u00e9quent\u00e9s, certaines relations internationales marchandises.<br \/>\n&nbsp;<br \/>\nLe R\u00e9seau Ferroviaire R\u00e9gional, les TER, seraient exclusivement du ressort des Conseils R\u00e9gionaux qui pourront ou non financer !<br \/>\n&nbsp;<br \/>\nManifestons, le samedi 30 juin 2018, notre refus de voir abandonner par l\u2019Etat les<br \/>\nzones rurales en prenant le train des Citoyens et du Service Public.<br \/>\n&nbsp;<br \/>\n<strong>Pour l\u2019environnement et une Plan\u00e8te propre, Osons le Rail, Osons le service Public.<\/strong><br \/>\n&nbsp;<br \/>\n<strong>D\u00e9part <\/strong> B\u00e9ziers 6h38, Magalas 6h52, B\u00e9darieux 7h14, Le Bousquet d\u2019Orb 7h26, Lunas 7h30, Les Cabrils 7h38, Ceilhes 7h44, Montpaon 7h52, Tournemire 8h10, St Rome de Cernon 8h18. St Georges de Luzen\u00e7on 8h25, Millau 8h37, S\u00e9verac 9h05, Campagnac 9h19, Banassac 9h33, Aumont 10h15, St Ch\u00e9ly 10h28 (rassemblement) D\u00e9part 13h24, St Flour 14h04 (rassemblement).<br \/>\n&nbsp;<br \/>\n<strong>Retour<\/strong> d\u00e9part St Flour 14h58, arriv\u00e9e B\u00e9ziers 19h28.<br \/>\n&nbsp;<br \/>\nAttention pour le retour, le train l\u2019Aubrac ne s\u2019arr\u00eate pas aux gares de Lunas, Les Cabrils, Montpaon.<br \/>\n&nbsp;<br \/>\nRepas tir\u00e9 du sac<\/em><\/p>\n","protected":false},"excerpt":{"rendered":"<p>Le Comit\u00e9 Pluraliste vous invite \u00e0 prendre \u00ab Le Train des Citoyens et du Service Public \u00bb &nbsp;<\/p>\n","protected":false},"author":1,"featured_media":2388,"comment_status":"open","ping_status":"open","sticky":false,"template":"","format":"standard","meta":{"footnotes":""},"categories":[3],"tags":[],"class_list":["post-478","post","type-post","status-publish","format-standard","has-post-thumbnail","hentry","category-en-train"],"_links":{"self":[{"href":"https:\/\/usagers-transports.haut-allier.eu\/index.php\/wp-json\/wp\/v2\/posts\/478","targetHints":{"allow":["GET"]}}],"collection":[{"href":"https:\/\/usagers-transports.haut-allier.eu\/index.php\/wp-json\/wp\/v2\/posts"}],"about":[{"href":"https:\/\/usagers-transports.haut-allier.eu\/index.php\/wp-json\/wp\/v2\/types\/post"}],"author":[{"embeddable":true,"href":"https:\/\/usagers-transports.haut-allier.eu\/index.php\/wp-json\/wp\/v2\/users\/1"}],"replies":[{"embeddable":true,"href":"https:\/\/usagers-transports.haut-allier.eu\/index.php\/wp-json\/wp\/v2\/comments?post=478"}],"version-history":[{"count":0,"href":"https:\/\/usagers-transports.haut-allier.eu\/index.php\/wp-json\/wp\/v2\/posts\/478\/revisions"}],"wp:featuredmedia":[{"embeddable":true,"href":"https:\/\/usagers-transports.haut-allier.eu\/index.php\/wp-json\/wp\/v2\/media\/2388"}],"wp:attachment":[{"href":"https:\/\/usagers-transports.haut-allier.eu\/index.php\/wp-json\/wp\/v2\/media?parent=478"}],"wp:term":[{"taxonomy":"category","embeddable":true,"href":"https:\/\/usagers-transports.haut-allier.eu\/index.php\/wp-json\/wp\/v2\/categories?post=478"},{"taxonomy":"post_tag","embeddable":true,"href":"https:\/\/usagers-transports.haut-allier.eu\/index.php\/wp-json\/wp\/v2\/tags?post=478"}],"curies":[{"name":"wp","href":"https:\/\/api.w.org\/{rel}","templated":true}]}}