{"id":479,"date":"2018-06-20T16:31:34","date_gmt":"2018-06-20T14:31:34","guid":{"rendered":"http:\/\/5.45.101.177\/haut-allier\/usagers-transportse\/index.php\/2018\/06\/20\/de-connivence-avec-sncf-wauquiez479\/"},"modified":"2018-06-20T16:31:34","modified_gmt":"2018-06-20T14:31:34","slug":"de-connivence-avec-sncf-wauquiez479","status":"publish","type":"post","link":"https:\/\/usagers-transports.haut-allier.eu\/index.php\/2018\/06\/20\/de-connivence-avec-sncf-wauquiez479\/","title":{"rendered":"De connivence avec SNCF Wauquiez \u00ab\u00a0oublie\u00a0\u00bb  les 108 TER Auvergne-Rh\u00f4ne-Alpes supprim\u00e9s sur la Ligne des C\u00e9vennes !"},"content":{"rendered":"<p>Ce n&rsquo;est pas faute de l&rsquo;en avoir inform\u00e9, na\u00effs que nous sommes, en le rencontrant, en lui envoyant des lettres, des mails, des tweets&#8230; Rien n&rsquo;y fait. Apr\u00e8s le <a href=\"http:\/\/usagers-transports.haut-allier.eu\/?exclusif-interview-de-wauquiez-au,469\"><strong> <em>\u00ab\u00a0Oui je vais voir&#8230;\u00a0\u00bb<\/em> <\/strong><\/a> en guise de r\u00e9ponse quand il est venu \u00e0 Alleyras il y a 15 jours, devant son ami Vigier, suivi d&rsquo;aucune mesure, apr\u00e8s les mails lus car envoy\u00e9s avec AR, on en est maintenant persuad\u00e9 : <strong>il y a bien connivence de la R\u00e9gion Auvergne Rh\u00f4ne Alpes avec la SNCF en vue de la fermeture de la ligne Clermont-Ferrand N\u00eemes.<\/strong><br \/>\n&nbsp;<br \/>\nDe plus nous pouvons d\u00e9sormais dire que la triste besogne et <strong>l&rsquo;objectif final est bien d&rsquo;isoler l&rsquo;Auvergne et sa capitale Clermont-Ferrand.<\/strong> Les nombreuses fermetures de lignes ferroviaires de ces derniers mois en sont la preuve.<br \/>\n&nbsp;<br \/>\n<img loading=\"lazy\" decoding=\"async\" class=\" aligncenter size-full wp-image-2390\" src=\"http:\/\/5.45.101.177\/haut-allier\/usagers-transportse\/wp-content\/uploads\/2018\/06\/vous-pouvez-repeter-la-question.jpg\" alt=\"vous-pouvez-repeter-la-question.jpg\" align=\"center\" width=\"1800\" height=\"1021\" srcset=\"https:\/\/usagers-transports.haut-allier.eu\/wp-content\/uploads\/2018\/06\/vous-pouvez-repeter-la-question.jpg 1800w, https:\/\/usagers-transports.haut-allier.eu\/wp-content\/uploads\/2018\/06\/vous-pouvez-repeter-la-question-300x170.jpg 300w, https:\/\/usagers-transports.haut-allier.eu\/wp-content\/uploads\/2018\/06\/vous-pouvez-repeter-la-question-1024x581.jpg 1024w, https:\/\/usagers-transports.haut-allier.eu\/wp-content\/uploads\/2018\/06\/vous-pouvez-repeter-la-question-768x436.jpg 768w, https:\/\/usagers-transports.haut-allier.eu\/wp-content\/uploads\/2018\/06\/vous-pouvez-repeter-la-question-1536x871.jpg 1536w\" sizes=\"auto, (max-width: 1800px) 100vw, 1800px\" \/><br \/>\n&nbsp;<br \/>\n<strong>Avec l&rsquo;aide de notre reporter du Haut-Allier analysons d&rsquo;un peu plus pr\u00e8s une nouvelle preuve de ce que nous avan\u00e7ons, en regardant l&rsquo;\u00e9change de courriers entre le maire d&rsquo;Al\u00e8s et Wauquiez Lui-M\u00eame :<\/strong><br \/>\n&nbsp;<br \/>\nL. Wauquiez persiste \u00e0 occulter le v\u00e9ritable probl\u00e8me concernant la situation actuelle de la Ligne des C\u00e9vennes dans la r\u00e9ponse, sans contenu, qu&rsquo;il adresse au Vice-Pr\u00e9sident de l&rsquo;Association des \u00c9lus pour la D\u00e9fense du C\u00e9venol et Maire d&rsquo;Al\u00e8s, Max Roustan, tr\u00e8s pr\u00e9occup\u00e9 et intervenu dans l&rsquo;urgence r\u00e9cemment.<br \/>\n&nbsp;<br \/>\nVoici l&rsquo;\u00e9change de courriers :<br \/>\n&nbsp;<br \/>\n<img loading=\"lazy\" decoding=\"async\" class=\" aligncenter size-full wp-image-2391\" src=\"http:\/\/5.45.101.177\/haut-allier\/usagers-transportse\/wp-content\/uploads\/2018\/06\/courrier-20180523_ales-aura.jpg\" alt=\"courrier-20180523_ales-aura.jpg\" align=\"center\" width=\"815\" height=\"1178\" srcset=\"https:\/\/usagers-transports.haut-allier.eu\/wp-content\/uploads\/2018\/06\/courrier-20180523_ales-aura.jpg 815w, https:\/\/usagers-transports.haut-allier.eu\/wp-content\/uploads\/2018\/06\/courrier-20180523_ales-aura-208x300.jpg 208w, https:\/\/usagers-transports.haut-allier.eu\/wp-content\/uploads\/2018\/06\/courrier-20180523_ales-aura-708x1024.jpg 708w, https:\/\/usagers-transports.haut-allier.eu\/wp-content\/uploads\/2018\/06\/courrier-20180523_ales-aura-768x1110.jpg 768w\" sizes=\"auto, (max-width: 815px) 100vw, 815px\" \/><br \/>\n&nbsp;<br \/>\n<img loading=\"lazy\" decoding=\"async\" class=\" aligncenter size-full wp-image-2392\" src=\"http:\/\/5.45.101.177\/haut-allier\/usagers-transportse\/wp-content\/uploads\/2018\/06\/courrier-20180614_aura-ales.jpg\" alt=\"courrier-20180614_aura-ales.jpg\" align=\"center\" width=\"805\" height=\"1275\" srcset=\"https:\/\/usagers-transports.haut-allier.eu\/wp-content\/uploads\/2018\/06\/courrier-20180614_aura-ales.jpg 805w, https:\/\/usagers-transports.haut-allier.eu\/wp-content\/uploads\/2018\/06\/courrier-20180614_aura-ales-189x300.jpg 189w, https:\/\/usagers-transports.haut-allier.eu\/wp-content\/uploads\/2018\/06\/courrier-20180614_aura-ales-647x1024.jpg 647w, https:\/\/usagers-transports.haut-allier.eu\/wp-content\/uploads\/2018\/06\/courrier-20180614_aura-ales-768x1216.jpg 768w\" sizes=\"auto, (max-width: 805px) 100vw, 805px\" \/><br \/>\n&nbsp;<br \/>\nEn effet, au 20 juin 2018, 108 trains ont \u00e9t\u00e9 supprim\u00e9s entre Clermont-Ferrand et Langogne (et au-del\u00e0 vers N\u00eemes la plupart du temps) sans raison valable en rapport avec une logistique \u00ab\u00a0d\u00e9faillante\u00a0\u00bb due \u00e0 la gr\u00e8ve, pr\u00e9text\u00e9e par la SNCF, \u00e0 quelques exceptions pr\u00e8s&#8230; Ce, hors jours de gr\u00e8ve, et apr\u00e8s d\u00e9j\u00e0 deux mois de fermeture totale pour travaux en mars et avril dernier.<br \/>\n&nbsp;<br \/>\nL&rsquo;impact sur le tourisme, la vie des \u00e9tudiants et des scolaires plus particuli\u00e8rement, est d\u00e9sormais bien visible dans un secteur rural d\u00e9j\u00e0 fragile \u00e9conomiquement et qui vit en grande partie \u00e0 la belle saison.<br \/>\n&nbsp;<br \/>\nL&rsquo;\u00e9tat des infrastructures est une chose, la suppression des TER financ\u00e9s par la R\u00e9gion Auvergne-Rh\u00f4ne-Alpes, pourtant AOT de tutelle, en est une autre ! M. Roustan ne manque pourtant pas de mentionner ces deux probl\u00e9matiques dans son questionnement \u00e0 L. Wauquiez mais ce dernier n&rsquo;en retient qu&rsquo;une seule dans sa r\u00e9ponse.<br \/>\n&nbsp;<br \/>\nUn article publi\u00e9 en ligne le 17 juin sur le site Internet du quotidien r\u00e9gional La Montagne, tente de trouver une explication  :<br \/>\n&nbsp;<br \/>\n<img loading=\"lazy\" decoding=\"async\" class=\" aligncenter size-full wp-image-2393\" src=\"http:\/\/5.45.101.177\/haut-allier\/usagers-transportse\/wp-content\/uploads\/2018\/06\/art-20180617i_greve-sncf-jack-pot-pour-region-auvergne-rhone-alpes_la-montagne.jpg\" alt=\"art-20180617i_greve-sncf-jack-pot-pour-region-auvergne-rhone-alpes_la-montagne.jpg\" align=\"center\" width=\"900\" height=\"1601\" srcset=\"https:\/\/usagers-transports.haut-allier.eu\/wp-content\/uploads\/2018\/06\/art-20180617i_greve-sncf-jack-pot-pour-region-auvergne-rhone-alpes_la-montagne.jpg 900w, https:\/\/usagers-transports.haut-allier.eu\/wp-content\/uploads\/2018\/06\/art-20180617i_greve-sncf-jack-pot-pour-region-auvergne-rhone-alpes_la-montagne-169x300.jpg 169w, https:\/\/usagers-transports.haut-allier.eu\/wp-content\/uploads\/2018\/06\/art-20180617i_greve-sncf-jack-pot-pour-region-auvergne-rhone-alpes_la-montagne-576x1024.jpg 576w, https:\/\/usagers-transports.haut-allier.eu\/wp-content\/uploads\/2018\/06\/art-20180617i_greve-sncf-jack-pot-pour-region-auvergne-rhone-alpes_la-montagne-768x1366.jpg 768w, https:\/\/usagers-transports.haut-allier.eu\/wp-content\/uploads\/2018\/06\/art-20180617i_greve-sncf-jack-pot-pour-region-auvergne-rhone-alpes_la-montagne-863x1536.jpg 863w\" sizes=\"auto, (max-width: 900px) 100vw, 900px\" \/><br \/>\n&nbsp;<br \/>\nhttps:\/\/www.lamontagne.fr\/clermont-ferrand\/transport\/sncf\/2018\/06\/17\/greve-sncf-un-jackpot-pour-la-region-auvergne-rhone-alpes_12890660.html<br \/>\n&nbsp;<br \/>\nAlors, s&rsquo;il s&rsquo;agit d&rsquo;une intention d\u00e9lib\u00e9r\u00e9e de la Direction r\u00e9gionale SNCF de Lyon, de connivence avec l&rsquo;ex\u00e9cutif du Conseil r\u00e9gional d&rsquo;Auvergne-Rh\u00f4ne-Alpes, cela s&rsquo;av\u00e8re d&rsquo;autant plus inadmissible !<br \/>\n&nbsp;<br \/>\n<strong>Quand va-t-on enfin r\u00e9ussir \u00e0 faire circuler tous les trains assurant la liaison Clermont-Ferrand &#8211; N\u00eemes ? Seuls deux TER (aller-retour en mi-journ\u00e9e), financ\u00e9s par la R\u00e9gion Occitanie, sur six sont maintenus. Cela fait d\u00e9j\u00e0 un mois et demi que ceux financ\u00e9s par Auvergne-Rh\u00f4ne-Alpes manquent \u00e0 l&rsquo;appel.<\/strong> <\/p>\n","protected":false},"excerpt":{"rendered":"<p>Ce n&rsquo;est pas faute de l&rsquo;en avoir inform\u00e9, na\u00effs que nous sommes, en le rencontrant, en lui envoyant<\/p>\n","protected":false},"author":1,"featured_media":2389,"comment_status":"open","ping_status":"open","sticky":false,"template":"","format":"standard","meta":{"footnotes":""},"categories":[3],"tags":[],"class_list":["post-479","post","type-post","status-publish","format-standard","has-post-thumbnail","hentry","category-en-train"],"_links":{"self":[{"href":"https:\/\/usagers-transports.haut-allier.eu\/index.php\/wp-json\/wp\/v2\/posts\/479","targetHints":{"allow":["GET"]}}],"collection":[{"href":"https:\/\/usagers-transports.haut-allier.eu\/index.php\/wp-json\/wp\/v2\/posts"}],"about":[{"href":"https:\/\/usagers-transports.haut-allier.eu\/index.php\/wp-json\/wp\/v2\/types\/post"}],"author":[{"embeddable":true,"href":"https:\/\/usagers-transports.haut-allier.eu\/index.php\/wp-json\/wp\/v2\/users\/1"}],"replies":[{"embeddable":true,"href":"https:\/\/usagers-transports.haut-allier.eu\/index.php\/wp-json\/wp\/v2\/comments?post=479"}],"version-history":[{"count":0,"href":"https:\/\/usagers-transports.haut-allier.eu\/index.php\/wp-json\/wp\/v2\/posts\/479\/revisions"}],"wp:featuredmedia":[{"embeddable":true,"href":"https:\/\/usagers-transports.haut-allier.eu\/index.php\/wp-json\/wp\/v2\/media\/2389"}],"wp:attachment":[{"href":"https:\/\/usagers-transports.haut-allier.eu\/index.php\/wp-json\/wp\/v2\/media?parent=479"}],"wp:term":[{"taxonomy":"category","embeddable":true,"href":"https:\/\/usagers-transports.haut-allier.eu\/index.php\/wp-json\/wp\/v2\/categories?post=479"},{"taxonomy":"post_tag","embeddable":true,"href":"https:\/\/usagers-transports.haut-allier.eu\/index.php\/wp-json\/wp\/v2\/tags?post=479"}],"curies":[{"name":"wp","href":"https:\/\/api.w.org\/{rel}","templated":true}]}}