{"id":480,"date":"2018-06-28T07:37:09","date_gmt":"2018-06-28T05:37:09","guid":{"rendered":"http:\/\/5.45.101.177\/haut-allier\/usagers-transportse\/index.php\/2018\/06\/28\/1420-usagers-denoncent-la480\/"},"modified":"2018-06-28T07:37:09","modified_gmt":"2018-06-28T05:37:09","slug":"1420-usagers-denoncent-la480","status":"publish","type":"post","link":"https:\/\/usagers-transports.haut-allier.eu\/index.php\/2018\/06\/28\/1420-usagers-denoncent-la480\/","title":{"rendered":"1420 usagers d\u00e9noncent la suppression depuis 2 mois de tous les trains TER Auvergne Rh\u00f4ne-Alpes sur la ligne Clermont-Ferrand N\u00eemes"},"content":{"rendered":"<p>L&rsquo;envoi de la <a href=\"http:\/\/usagers-transports.haut-allier.eu\/?signons-la-petition-pour-le,468\"><strong>p\u00e9tition<\/strong><\/a> initi\u00e9e le 17 mai par les 4 groupes de d\u00e9fense des usagers de notre ligne des C\u00e9vennes a \u00e9t\u00e9 effectu\u00e9 hier mercredi 27 juin 2018 par leurs portes-parole. Elle comporte plus de 1420 signataires la plupart ayant comment\u00e9 en disant tout le bien qu&rsquo;ils pensaient de la SNCF et de la gestion de l&rsquo;autorit\u00e9 organisatrice des transports, la r\u00e9gion Aura dirig\u00e9e par Monsieur Wauquiez.<br \/>\n&nbsp;<br \/>\n <img loading=\"lazy\" decoding=\"async\" class=\" aligncenter size-full wp-image-2395\" src=\"http:\/\/5.45.101.177\/haut-allier\/usagers-transportse\/wp-content\/uploads\/2018\/06\/envoi-petition-27juin2018.jpg\" alt=\"envoi-petition-27juin2018.jpg\" align=\"center\" width=\"2400\" height=\"1200\" srcset=\"https:\/\/usagers-transports.haut-allier.eu\/wp-content\/uploads\/2018\/06\/envoi-petition-27juin2018.jpg 2400w, https:\/\/usagers-transports.haut-allier.eu\/wp-content\/uploads\/2018\/06\/envoi-petition-27juin2018-300x150.jpg 300w, https:\/\/usagers-transports.haut-allier.eu\/wp-content\/uploads\/2018\/06\/envoi-petition-27juin2018-1024x512.jpg 1024w, https:\/\/usagers-transports.haut-allier.eu\/wp-content\/uploads\/2018\/06\/envoi-petition-27juin2018-768x384.jpg 768w, https:\/\/usagers-transports.haut-allier.eu\/wp-content\/uploads\/2018\/06\/envoi-petition-27juin2018-1536x768.jpg 1536w, https:\/\/usagers-transports.haut-allier.eu\/wp-content\/uploads\/2018\/06\/envoi-petition-27juin2018-2048x1024.jpg 2048w\" sizes=\"auto, (max-width: 2400px) 100vw, 2400px\" \/><br \/>\n&nbsp;<br \/>\n<em>L\u00e9gende de la photo, de gauche \u00e0 droite :<\/em><br \/>\n&nbsp;<br \/>\nA &#8211; Le d\u00e9part d&rsquo;Anne-Marie Skora de l&rsquo;Association des Usagers de la SNCF du Gard et des d\u00e9partements limitrophes pour le si\u00e8ge de la R\u00e9gion Auvergne Rh\u00f4ne Alpes afin d&rsquo;y d\u00e9poser son lot de p\u00e9titions papiers.<br \/>\n&nbsp;<br \/>\nB &#8211; L\u00e0 c&rsquo;est l&rsquo;\u00e9co huissier citoyen, partenaire du Comit\u00e9 de d\u00e9fense des Services publics et des Usagers dans les Hautes C\u00e9vennes qui poste les p\u00e9titions \u00e0 G\u00e9nolhac pour un retour urgent des TER de la r\u00e9gion AURA apr\u00e8s leurs 123 suppressions.<br \/>\n&nbsp;<br \/>\nC &#8211; Alexandre Bel du Collectif Citoyen de d\u00e9fense de la gare de Villefort poste son paquet de p\u00e9titions.<br \/>\n&nbsp;<br \/>\nD &#8211; Marc Gouttebroze du Collectif des Usagers des Transports du Haut-Allier fait de m\u00eame en remettant les siennes au facteur d&rsquo;Alleyras.<br \/>\n&nbsp;<\/p>\n<p><strong>Voici le message qui accompagnait l&rsquo;envoi \u00e0 la r\u00e9gion et \u00e0 la presse :<\/strong><br \/>\n&nbsp;<\/p>\n<p>[(<br \/>\nObjet : Plus de 1420 usagers d\u00e9noncent la suppression par vos services depuis deux mois de tous les trains TER Auvergne Rh\u00f4ne-Alpes sur la ligne Clermont-Ferrand N\u00eemes.<br \/>\n&nbsp;<\/p>\n<p>Monsieur le Pr\u00e9sident du Conseil r\u00e9gional d\u2019Auvergne-Rh\u00f4ne-Alpes,<br \/>\n&nbsp;<br \/>\nMadame la Vice-Pr\u00e9sidente en charge des Transports,<br \/>\n&nbsp;<br \/>\nVeuillez trouver ci-joint la p\u00e9tition \u00e9lectronique, qui s&rsquo;ajoute \u00e0 celle papier envoy\u00e9e ce jour m\u00eame par les 4 organisations de d\u00e9fense des usagers de la ligne, qui s&rsquo;\u00e9l\u00e8vent vigoureusement contre la suppression depuis deux mois, en p\u00e9riode NON GREVEE, de toutes les circulations de TER qui d\u00e9pendent de votre autorit\u00e9.<br \/>\n&nbsp;<br \/>\nC&rsquo;est en effet la premi\u00e8re fois depuis plus de dix ans, et apr\u00e8s des travaux de maintien des infrastructures annuels qui occasionnent des coupures de service syst\u00e9matiques pendant un ou plusieurs mois, que les usagers sont confront\u00e9s \u00e0 une d\u00e9cision politique de SUPPRESSION TOTALE DE SERVICE.<br \/>\n&nbsp;<br \/>\nMerci de noter qu&rsquo;Il n&rsquo;est pas question pour nous, habitants et voyageurs du Massif Central et des C\u00e9vennes, de faire les frais, dans nos trajets quotidiens d\u00e9j\u00e0 difficiles, des choix \u00e0 la va-vite et\/ou des incomp\u00e9tences de votre collectivit\u00e9 dans l&rsquo;organisation des transports. Nous redoublerons de vigilance \u00e0 l&rsquo;avenir.<br \/>\n&nbsp;<br \/>\nVotre attitude vous fait premi\u00e8re complice des objectifs de la SNCF qui, nous le savons depuis longtemps, travaille d&rsquo;arrache pied pour fermer cet axe d&rsquo;int\u00e9r\u00eat national et isoler l&rsquo;Auvergne et le Massif Central. Les tr\u00e8s nombreuses fermetures de lignes autour de Clermont-Ferrand ces derniers mois en t\u00e9moignent. Nous les inscrirons aussi \u00e0 votre bilan.<br \/>\n&nbsp;<br \/>\nAvec nos salutations distingu\u00e9es.<br \/>\n&nbsp;<br \/>\nLes co-signataires :<br \/>\n&nbsp;<br \/>\nAssociation des usagers du Gard et d\u00e9partements limitrophes,<br \/>\nCollectif citoyen de la d\u00e9fense de la gare de Villefort,<br \/>\nComit\u00e9 de d\u00e9fense des services publics dans les Hautes-C\u00e9vennes,<br \/>\nCollectif des usagers des transports du Haut-Allier.<br \/>\n)]<\/p>\n<p>&nbsp;<\/p>\n<p><strong>La p\u00e9tition :<\/strong><br \/>\n&nbsp;<br \/>\n<a href=\"http:\/\/5.45.101.177\/haut-allier\/usagers-transportse\/wp-content\/uploads\/2018\/06\/petition-pour-retablissement-des-4-ter-aura-25juin2018.pdf\">petition-pour-retablissement-des-4-ter-aura-25juin2018.pdf<\/a><\/p>\n","protected":false},"excerpt":{"rendered":"<p>L&rsquo;envoi de la p\u00e9tition initi\u00e9e le 17 mai par les 4 groupes de d\u00e9fense des usagers de notre<\/p>\n","protected":false},"author":1,"featured_media":2394,"comment_status":"open","ping_status":"open","sticky":false,"template":"","format":"standard","meta":{"footnotes":""},"categories":[8],"tags":[],"class_list":["post-480","post","type-post","status-publish","format-standard","has-post-thumbnail","hentry","category-communiques"],"_links":{"self":[{"href":"https:\/\/usagers-transports.haut-allier.eu\/index.php\/wp-json\/wp\/v2\/posts\/480","targetHints":{"allow":["GET"]}}],"collection":[{"href":"https:\/\/usagers-transports.haut-allier.eu\/index.php\/wp-json\/wp\/v2\/posts"}],"about":[{"href":"https:\/\/usagers-transports.haut-allier.eu\/index.php\/wp-json\/wp\/v2\/types\/post"}],"author":[{"embeddable":true,"href":"https:\/\/usagers-transports.haut-allier.eu\/index.php\/wp-json\/wp\/v2\/users\/1"}],"replies":[{"embeddable":true,"href":"https:\/\/usagers-transports.haut-allier.eu\/index.php\/wp-json\/wp\/v2\/comments?post=480"}],"version-history":[{"count":0,"href":"https:\/\/usagers-transports.haut-allier.eu\/index.php\/wp-json\/wp\/v2\/posts\/480\/revisions"}],"wp:featuredmedia":[{"embeddable":true,"href":"https:\/\/usagers-transports.haut-allier.eu\/index.php\/wp-json\/wp\/v2\/media\/2394"}],"wp:attachment":[{"href":"https:\/\/usagers-transports.haut-allier.eu\/index.php\/wp-json\/wp\/v2\/media?parent=480"}],"wp:term":[{"taxonomy":"category","embeddable":true,"href":"https:\/\/usagers-transports.haut-allier.eu\/index.php\/wp-json\/wp\/v2\/categories?post=480"},{"taxonomy":"post_tag","embeddable":true,"href":"https:\/\/usagers-transports.haut-allier.eu\/index.php\/wp-json\/wp\/v2\/tags?post=480"}],"curies":[{"name":"wp","href":"https:\/\/api.w.org\/{rel}","templated":true}]}}