{"id":481,"date":"2018-06-29T23:37:33","date_gmt":"2018-06-29T21:37:33","guid":{"rendered":"http:\/\/5.45.101.177\/haut-allier\/usagers-transportse\/index.php\/2018\/06\/29\/offrez-vous-un-voyage-sur-le-grand481\/"},"modified":"2018-06-29T23:37:33","modified_gmt":"2018-06-29T21:37:33","slug":"offrez-vous-un-voyage-sur-le-grand481","status":"publish","type":"post","link":"https:\/\/usagers-transports.haut-allier.eu\/index.php\/2018\/06\/29\/offrez-vous-un-voyage-sur-le-grand481\/","title":{"rendered":"Offrez vous un voyage sur le grand H Loz\u00e9rien"},"content":{"rendered":"<p>Le Collectif Train Loz\u00e9rien vous propose un voyage sur le grand H Loz\u00e9rien en train .<br \/>\n&nbsp;<br \/>\nLa date du voyage est le 20 juillet 2018 au d\u00e9part des Gares de Villefort , La Bastide , Mende. Possible aussi \u00e0 partir des haltes de Chasserad\u00e8s, Belvezet, Allenc, Bagnols-Chadenet.<br \/>\n&nbsp;<br \/>\nPlus d&rsquo;informations : <a href=\"http:\/\/www.train-lozerien.jimdo.com\/\">site du train Loz\u00e9rien<\/a>.<br \/>\n&nbsp;<br \/>\nInscription par mail <a href=\"mailto:train48@outlook.fr\">train48@outlook.fr<\/a><br \/>\n&nbsp;<br \/>\n<img loading=\"lazy\" decoding=\"async\" class=\" aligncenter size-full wp-image-2398\" src=\"http:\/\/5.45.101.177\/haut-allier\/usagers-transportse\/wp-content\/uploads\/2018\/06\/36291404_1861646917472002_1717915059302170624_n.jpg\" alt=\"36291404_1861646917472002_1717915059302170624_n.jpg\" align=\"center\" width=\"960\" height=\"575\" srcset=\"https:\/\/usagers-transports.haut-allier.eu\/wp-content\/uploads\/2018\/06\/36291404_1861646917472002_1717915059302170624_n.jpg 960w, https:\/\/usagers-transports.haut-allier.eu\/wp-content\/uploads\/2018\/06\/36291404_1861646917472002_1717915059302170624_n-300x180.jpg 300w, https:\/\/usagers-transports.haut-allier.eu\/wp-content\/uploads\/2018\/06\/36291404_1861646917472002_1717915059302170624_n-768x460.jpg 768w\" sizes=\"auto, (max-width: 960px) 100vw, 960px\" \/><\/p>\n","protected":false},"excerpt":{"rendered":"<p>Le Collectif Train Loz\u00e9rien vous propose un voyage sur le grand H Loz\u00e9rien en train . &nbsp; La<\/p>\n","protected":false},"author":1,"featured_media":2397,"comment_status":"open","ping_status":"open","sticky":false,"template":"","format":"standard","meta":{"footnotes":""},"categories":[3],"tags":[],"class_list":["post-481","post","type-post","status-publish","format-standard","has-post-thumbnail","hentry","category-en-train"],"_links":{"self":[{"href":"https:\/\/usagers-transports.haut-allier.eu\/index.php\/wp-json\/wp\/v2\/posts\/481","targetHints":{"allow":["GET"]}}],"collection":[{"href":"https:\/\/usagers-transports.haut-allier.eu\/index.php\/wp-json\/wp\/v2\/posts"}],"about":[{"href":"https:\/\/usagers-transports.haut-allier.eu\/index.php\/wp-json\/wp\/v2\/types\/post"}],"author":[{"embeddable":true,"href":"https:\/\/usagers-transports.haut-allier.eu\/index.php\/wp-json\/wp\/v2\/users\/1"}],"replies":[{"embeddable":true,"href":"https:\/\/usagers-transports.haut-allier.eu\/index.php\/wp-json\/wp\/v2\/comments?post=481"}],"version-history":[{"count":0,"href":"https:\/\/usagers-transports.haut-allier.eu\/index.php\/wp-json\/wp\/v2\/posts\/481\/revisions"}],"wp:featuredmedia":[{"embeddable":true,"href":"https:\/\/usagers-transports.haut-allier.eu\/index.php\/wp-json\/wp\/v2\/media\/2397"}],"wp:attachment":[{"href":"https:\/\/usagers-transports.haut-allier.eu\/index.php\/wp-json\/wp\/v2\/media?parent=481"}],"wp:term":[{"taxonomy":"category","embeddable":true,"href":"https:\/\/usagers-transports.haut-allier.eu\/index.php\/wp-json\/wp\/v2\/categories?post=481"},{"taxonomy":"post_tag","embeddable":true,"href":"https:\/\/usagers-transports.haut-allier.eu\/index.php\/wp-json\/wp\/v2\/tags?post=481"}],"curies":[{"name":"wp","href":"https:\/\/api.w.org\/{rel}","templated":true}]}}