{"id":482,"date":"2018-06-29T23:52:00","date_gmt":"2018-06-29T21:52:00","guid":{"rendered":"http:\/\/5.45.101.177\/haut-allier\/usagers-transportse\/index.php\/2018\/06\/29\/suppression-des-ter-aura-entre482\/"},"modified":"2026-09-01T15:54:32","modified_gmt":"2026-09-01T13:54:32","slug":"suppression-des-ter-aura-entre482","status":"publish","type":"post","link":"https:\/\/usagers-transports.haut-allier.eu\/index.php\/2018\/06\/29\/suppression-des-ter-aura-entre482\/","title":{"rendered":"Suppression des TER AuRA entre Clermont et N\u00eemes : d\u00e9lib\u00e9ration de Sainte-Florine (Haute-Loire)"},"content":{"rendered":"La maire de Sainte-Florine, Madame Chassin, nous transmets la d\u00e9lib\u00e9ration de son Conseil Municipal concernant le r\u00e9tablissement des TER Auvergne Clermont-Ferrand \u2013 Nimes,\n&nbsp;\nC&rsquo;est l&rsquo;exemple \u00e0 suivre !\n&nbsp;\n<a href=\"http:\/\/5.45.101.177\/haut-allier\/usagers-transportse\/wp-content\/uploads\/2018\/06\/scan-1963.pdf\">scan-1963.pdf<\/a>\n&nbsp;\n<img loading=\"lazy\" decoding=\"async\" class=\" aligncenter size-full wp-image-2401\" src=\"http:\/\/5.45.101.177\/haut-allier\/usagers-transportse\/wp-content\/uploads\/2018\/06\/scan-1963-b.jpg\" alt=\"scan-1963-b.jpg\" align=\"center\" width=\"562\" height=\"795\" srcset=\"https:\/\/usagers-transports.haut-allier.eu\/wp-content\/uploads\/2018\/06\/scan-1963-b.jpg 562w, https:\/\/usagers-transports.haut-allier.eu\/wp-content\/uploads\/2018\/06\/scan-1963-b-212x300.jpg 212w\" sizes=\"auto, (max-width: 562px) 100vw, 562px\" \/>\n\n <p>&nbsp;<\/p>\n\n\t<figure class=\"wp-block-gallery columns-1 is-cropped wp-block-gallery-1 is-layout-flex wp-block-gallery-is-layout-flex\">\n\t\t<ul class=\"blocks-gallery-grid\">\n\t\t\t<li class=\"blocks-gallery-item\">\n\t\t\t\t<figure>\n\t\t\t\t\t\t\t\t\t\t\t<img loading=\"lazy\" decoding=\"async\" width=\"562\" height=\"794\" src=\"http:\/\/5.45.101.177\/haut-allier\/usagers-transportse\/wp-content\/uploads\/2018\/06\/scan-1963-a.jpg\"\n\t\t\t\t\t\t alt=\"scan-1963-a.jpg\"\n\t\t\t\t\t\t data-id=\"2402\"\n\t\t\t\t\t\t data-full-url=\"http:\/\/5.45.101.177\/haut-allier\/usagers-transportse\/wp-content\/uploads\/2018\/06\/scan-1963-a.jpg\"\n\t\t\t\t\t\t data-link=\"http:\/\/5.45.101.177\/haut-allier\/usagers-transportse\/attachment-scan-1963-a-jpg\/\"\n\t\t\t\t\t\t class=\"wp-image-2402\" srcset=\"https:\/\/usagers-transports.haut-allier.eu\/wp-content\/uploads\/2018\/06\/scan-1963-a.jpg 562w, https:\/\/usagers-transports.haut-allier.eu\/wp-content\/uploads\/2018\/06\/scan-1963-a-212x300.jpg 212w\" sizes=\"auto, (max-width: 562px) 100vw, 562px\" \/>\n\t\t\t\t<\/figure>\n\t\t\t<\/li>\n\t\t<\/ul>\n\t<\/figure>\n","protected":false},"excerpt":{"rendered":"<p>La maire de Sainte-Florine, Madame Chassin, nous transmets la d\u00e9lib\u00e9ration de son Conseil Municipal concernant le r\u00e9tablissement des<\/p>\n","protected":false},"author":1,"featured_media":2399,"comment_status":"open","ping_status":"open","sticky":false,"template":"","format":"standard","meta":{"footnotes":""},"categories":[5],"tags":[],"class_list":["post-482","post","type-post","status-publish","format-standard","has-post-thumbnail","hentry","category-ensemble"],"_links":{"self":[{"href":"https:\/\/usagers-transports.haut-allier.eu\/index.php\/wp-json\/wp\/v2\/posts\/482","targetHints":{"allow":["GET"]}}],"collection":[{"href":"https:\/\/usagers-transports.haut-allier.eu\/index.php\/wp-json\/wp\/v2\/posts"}],"about":[{"href":"https:\/\/usagers-transports.haut-allier.eu\/index.php\/wp-json\/wp\/v2\/types\/post"}],"author":[{"embeddable":true,"href":"https:\/\/usagers-transports.haut-allier.eu\/index.php\/wp-json\/wp\/v2\/users\/1"}],"replies":[{"embeddable":true,"href":"https:\/\/usagers-transports.haut-allier.eu\/index.php\/wp-json\/wp\/v2\/comments?post=482"}],"version-history":[{"count":1,"href":"https:\/\/usagers-transports.haut-allier.eu\/index.php\/wp-json\/wp\/v2\/posts\/482\/revisions"}],"predecessor-version":[{"id":2403,"href":"https:\/\/usagers-transports.haut-allier.eu\/index.php\/wp-json\/wp\/v2\/posts\/482\/revisions\/2403"}],"wp:featuredmedia":[{"embeddable":true,"href":"https:\/\/usagers-transports.haut-allier.eu\/index.php\/wp-json\/wp\/v2\/media\/2399"}],"wp:attachment":[{"href":"https:\/\/usagers-transports.haut-allier.eu\/index.php\/wp-json\/wp\/v2\/media?parent=482"}],"wp:term":[{"taxonomy":"category","embeddable":true,"href":"https:\/\/usagers-transports.haut-allier.eu\/index.php\/wp-json\/wp\/v2\/categories?post=482"},{"taxonomy":"post_tag","embeddable":true,"href":"https:\/\/usagers-transports.haut-allier.eu\/index.php\/wp-json\/wp\/v2\/tags?post=482"}],"curies":[{"name":"wp","href":"https:\/\/api.w.org\/{rel}","templated":true}]}}