{"id":483,"date":"2018-06-30T07:56:31","date_gmt":"2018-06-30T05:56:31","guid":{"rendered":"http:\/\/5.45.101.177\/haut-allier\/usagers-transportse\/index.php\/2018\/06\/30\/le-train-touristique-des-gorges-de483\/"},"modified":"2018-06-30T07:56:31","modified_gmt":"2018-06-30T05:56:31","slug":"le-train-touristique-des-gorges-de483","status":"publish","type":"post","link":"https:\/\/usagers-transports.haut-allier.eu\/index.php\/2018\/06\/30\/le-train-touristique-des-gorges-de483\/","title":{"rendered":"Le train touristique des Gorges de l&rsquo;Allier remet \u00e7a en 2018 : calendrier, horaires et tarifs"},"content":{"rendered":"<p>Malgr\u00e9 les coups que la SNCF et la r\u00e9gion donnent en permanence \u00e0 la ligne des C\u00e9vennes, le SMAT du Haut-Allier a r\u00e9ussi \u00e0 faire circuler cette ann\u00e9e encore son train touristique, et ce \u00e0 plusieurs dates cet \u00e9t\u00e9. Le site pr\u00e9cise que \u00ab\u00a0Le train est tract\u00e9 par une locomotive diesel, pas de locomotive \u00e0 vapeur. Voitures issues de mat\u00e9riel d\u00e9class\u00e9 de la SNCF mais pas de voitures historiques.\u00a0\u00bb<br \/>\n&nbsp;<br \/>\nCela donne en juillet puis en ao\u00fbt :<br \/>\n&nbsp;<br \/>\n<img loading=\"lazy\" decoding=\"async\" class=\" aligncenter size-full wp-image-2405\" src=\"http:\/\/5.45.101.177\/haut-allier\/usagers-transportse\/wp-content\/uploads\/2018\/06\/calendrier.png\" alt=\"calendrier.png\" align=\"center\" width=\"304\" height=\"294\" srcset=\"https:\/\/usagers-transports.haut-allier.eu\/wp-content\/uploads\/2018\/06\/calendrier.png 304w, https:\/\/usagers-transports.haut-allier.eu\/wp-content\/uploads\/2018\/06\/calendrier-300x290.png 300w\" sizes=\"auto, (max-width: 304px) 100vw, 304px\" \/><br \/>\n<img loading=\"lazy\" decoding=\"async\" class=\" aligncenter size-full wp-image-2406\" src=\"http:\/\/5.45.101.177\/haut-allier\/usagers-transportse\/wp-content\/uploads\/2018\/06\/calendrier2.png\" alt=\"calendrier2.png\" align=\"center\" width=\"304\" height=\"252\" srcset=\"https:\/\/usagers-transports.haut-allier.eu\/wp-content\/uploads\/2018\/06\/calendrier2.png 304w, https:\/\/usagers-transports.haut-allier.eu\/wp-content\/uploads\/2018\/06\/calendrier2-300x249.png 300w\" sizes=\"auto, (max-width: 304px) 100vw, 304px\" \/><br \/>\n&nbsp;<br \/>\n<strong>Voici les circuits et horaires propos\u00e9s :<\/strong><br \/>\n&nbsp;<br \/>\nLa grande Travers\u00e9e &#8211; D\u00e9part de Langeac<br \/>\n&nbsp;<\/p>\n<table>\n<tbody>\n<tr class='row_even'>\n<td>VOYAGE ALLER\t<\/td>\n<td> \tVOYAGE RETOUR<\/td>\n<\/tr>\n<tr class='row_odd'>\n<td>Langeac\t<\/td>\n<td>9h10\t \t<\/td>\n<td>Langogne\t<\/td>\n<td>11h49<\/td>\n<\/tr>\n<tr class='row_even'>\n<td>Langogne\t<\/td>\n<td>11h24\t \t<\/td>\n<td>Langeac\t<\/td>\n<td>13h49<\/td>\n<\/tr>\n<\/tbody>\n<\/table>\n<p>&nbsp;<br \/>\nLes Villages Volcaniques &#8211; D\u00e9part de Langeac<br \/>\n&nbsp;<\/p>\n<table>\n<tbody>\n<tr class='row_even'>\n<td>VOYAGE ALLER\t <\/td>\n<td>\tVOYAGE RETOUR<\/td>\n<\/tr>\n<tr class='row_odd'>\n<td>Langeac\t<\/td>\n<td>9h10\t \t<\/td>\n<td>Monistrol d&rsquo;Allier\t<\/td>\n<td>13h11<\/td>\n<\/tr>\n<tr class='row_even'>\n<td>Monistrol d&rsquo;Allier\t<\/td>\n<td>9h52\t \t<\/td>\n<td>Langeac\t<\/td>\n<td>13h49<\/td>\n<\/tr>\n<\/tbody>\n<\/table>\n<p>&nbsp;<br \/>\nLa Balade D\u00e9couverte &#8211; D\u00e9part de Monistrol d&rsquo;Allier<br \/>\n&nbsp;<\/p>\n<table>\n<tbody>\n<tr class='row_even'>\n<td>VOYAGE ALLER\t <\/td>\n<td>\tVOYAGE RETOUR<\/td>\n<\/tr>\n<tr class='row_odd'>\n<td>Monistrol d&rsquo;Allier\t<\/td>\n<td>9h55\t \t<\/td>\n<td>Langogne\t<\/td>\n<td>11h49<\/td>\n<\/tr>\n<tr class='row_even'>\n<td>Langogne\t<\/td>\n<td>11h24\t \t<\/td>\n<td>Monistrol d&rsquo;Allier\t<\/td>\n<td>13h09<\/td>\n<\/tr>\n<\/tbody>\n<\/table>\n<p>&nbsp;<br \/>\nLa Balade D\u00e9couverte &#8211; D\u00e9part de Pont d&rsquo;Alleyras<br \/>\n&nbsp;<\/p>\n<table>\n<tbody>\n<tr class='row_even'>\n<td>VOYAGE ALLER\t <\/td>\n<td>\tVOYAGE RETOUR<\/td>\n<\/tr>\n<tr class='row_odd'>\n<td>Pont d&rsquo;Alleyras\t<\/td>\n<td>10h17\t \t<\/td>\n<td>Langogne\t<\/td>\n<td>11h49<\/td>\n<\/tr>\n<tr class='row_even'>\n<td>Langogne\t<\/td>\n<td>11h24\t \t<\/td>\n<td>Pont d&rsquo;Alleyras\t<\/td>\n<td>12h49<\/td>\n<\/tr>\n<\/tbody>\n<\/table>\n<p>&nbsp;<br \/>\n<strong>Les Tarifs<\/strong><br \/>\n&nbsp;<br \/>\nLes individuels :<br \/>\n&nbsp;<br \/>\n<strong>La Grande travers\u00e9e Langeac-Langogne<\/strong><br \/>\nAdulte\/Adult (d\u00e8s 13 ans \/ from 13 years old)\t29.00\u20ac\/pers. (*)<br \/>\nEnfant\/Child (de 4 \u00e0 12 ans \/ from 4 to 12 years old)\t17.00\u20ac\/pers. (*)<br \/>\n&#8211; de 4 ans \/ under 4 years old\tGratuit\/Free<br \/>\n&nbsp;<br \/>\n<strong>Les Villages Volcaniques Langeac-Monistrol d&rsquo;Allier<\/strong><br \/>\nAdulte\/Adult (d\u00e8s 13 ans \/ from 13 years old)\t15.00\u20ac\/pers. (*)<br \/>\nEnfant\/Child (de 4 \u00e0 12 ans \/ from 4 to 12 years old)\t11.00\u20ac\/pers. (*)<br \/>\n&#8211; de 4 ans \/ under 4 years old\tGratuit\/Free<br \/>\nAller-simple adulte \/ One way ticket for adult<br \/>\n8.00\u20ac\/pers.<br \/>\nAller-simple enfant \/ One way ticket for child<br \/>\n6.00\u20ac\/pers.<br \/>\n&nbsp;<br \/>\n<strong>La Balade D\u00e9couverte Monistrol d&rsquo;Allier-Langogne<\/strong><br \/>\nAdulte\/Adult (d\u00e8s 13 ans \/ from 13 years old)\t21.00\u20ac\/pers. (*)<br \/>\nEnfant\/Child (de 4 \u00e0 12 ans \/ from 4 to 12 years old)\t13.00\u20ac\/pers. (*)<br \/>\n&#8211; de 4 ans \/ under 4 years old\tGratuit\/Free<br \/>\n&nbsp;<br \/>\n<strong>La Balade D\u00e9couverte Pont d&rsquo;Alleyras-Langogne<\/strong><br \/>\nAdulte\/Adult (d\u00e8s 13 ans \/ from 13 years old)\t19.00\u20ac\/pers. (*)<br \/>\nEnfant\/Child (de 4 \u00e0 12 ans \/ from 4 to 9 years old)\t11.00\u20ac\/pers. (*)<br \/>\n&#8211; de 4 ans \/ under 4 years old\tGratuit\/Free<br \/>\n&nbsp;<br \/>\nChiens (-5kg)\/Dogs (-5kg) (\u00e0 signaler \u00e0 la r\u00e9servation \/ to report at booking)\tGratuit\/Free<br \/>\nV\u00e9los\/Bikes (\u00e0 signaler \u00e0 la r\u00e9servation \/ to report at booking)\tGratuit\/Free<br \/>\n&nbsp;<br \/>\nPlus d&rsquo;infos : <a href=\"https:\/\/www.train-gorges-allier.com\">Le site du train touristique<\/a>.<br \/>\n&nbsp;<br \/>\n<strong>Contact : 04 71 77 70 17<\/strong><br \/>\n&nbsp;<\/p>\n","protected":false},"excerpt":{"rendered":"<p>Malgr\u00e9 les coups que la SNCF et la r\u00e9gion donnent en permanence \u00e0 la ligne des C\u00e9vennes, le<\/p>\n","protected":false},"author":1,"featured_media":2404,"comment_status":"open","ping_status":"open","sticky":false,"template":"","format":"standard","meta":{"footnotes":""},"categories":[3],"tags":[],"class_list":["post-483","post","type-post","status-publish","format-standard","has-post-thumbnail","hentry","category-en-train"],"_links":{"self":[{"href":"https:\/\/usagers-transports.haut-allier.eu\/index.php\/wp-json\/wp\/v2\/posts\/483","targetHints":{"allow":["GET"]}}],"collection":[{"href":"https:\/\/usagers-transports.haut-allier.eu\/index.php\/wp-json\/wp\/v2\/posts"}],"about":[{"href":"https:\/\/usagers-transports.haut-allier.eu\/index.php\/wp-json\/wp\/v2\/types\/post"}],"author":[{"embeddable":true,"href":"https:\/\/usagers-transports.haut-allier.eu\/index.php\/wp-json\/wp\/v2\/users\/1"}],"replies":[{"embeddable":true,"href":"https:\/\/usagers-transports.haut-allier.eu\/index.php\/wp-json\/wp\/v2\/comments?post=483"}],"version-history":[{"count":0,"href":"https:\/\/usagers-transports.haut-allier.eu\/index.php\/wp-json\/wp\/v2\/posts\/483\/revisions"}],"wp:featuredmedia":[{"embeddable":true,"href":"https:\/\/usagers-transports.haut-allier.eu\/index.php\/wp-json\/wp\/v2\/media\/2404"}],"wp:attachment":[{"href":"https:\/\/usagers-transports.haut-allier.eu\/index.php\/wp-json\/wp\/v2\/media?parent=483"}],"wp:term":[{"taxonomy":"category","embeddable":true,"href":"https:\/\/usagers-transports.haut-allier.eu\/index.php\/wp-json\/wp\/v2\/categories?post=483"},{"taxonomy":"post_tag","embeddable":true,"href":"https:\/\/usagers-transports.haut-allier.eu\/index.php\/wp-json\/wp\/v2\/tags?post=483"}],"curies":[{"name":"wp","href":"https:\/\/api.w.org\/{rel}","templated":true}]}}