{"id":484,"date":"2018-06-30T08:33:28","date_gmt":"2018-06-30T06:33:28","guid":{"rendered":"http:\/\/5.45.101.177\/haut-allier\/usagers-transportse\/index.php\/2018\/06\/30\/ligne-sncf-clermont-ferrand-nimes484\/"},"modified":"2018-06-30T08:33:28","modified_gmt":"2018-06-30T06:33:28","slug":"ligne-sncf-clermont-ferrand-nimes484","status":"publish","type":"post","link":"https:\/\/usagers-transports.haut-allier.eu\/index.php\/2018\/06\/30\/ligne-sncf-clermont-ferrand-nimes484\/","title":{"rendered":"Ligne SNCF Clermont Ferrand N\u00eemes : reprise du service normal le 1er juillet 2018"},"content":{"rendered":"<p>Apr\u00e8s les scandaleuses suppressions de circulations de tous les TER Auvergne Rh\u00f4ne Alpes de Monsieur Wauquiez depuis plus de deux mois, et malgr\u00e9 les annonces diverses dont celle de Monsieur Raoul Pera, responsable territorial SNCF Auvergne, qu&rsquo;il faisait au collectif le lundi 25 juin par t\u00e9l\u00e9phone, <em>\u00ab\u00a0une reprise  d\u00e8s le vendredi 29 juin\u00a0\u00bb<\/em>, le service ferroviaire SNCF ne sera r\u00e9tabli que ce dimanche 1er juillet seulement. Le train du matin entre Clermont et N\u00eemes ne r\u00e9appara\u00eetra que lundi selon l&rsquo;usage.<br \/>\n&nbsp;<br \/>\n<img loading=\"lazy\" decoding=\"async\" class=\" aligncenter size-full wp-image-2408\" src=\"http:\/\/5.45.101.177\/haut-allier\/usagers-transportse\/wp-content\/uploads\/2018\/06\/joxi_screenshot_1530338574604.png\" alt=\"joxi_screenshot_1530338574604.png\" align=\"center\" width=\"378\" height=\"302\" srcset=\"https:\/\/usagers-transports.haut-allier.eu\/wp-content\/uploads\/2018\/06\/joxi_screenshot_1530338574604.png 378w, https:\/\/usagers-transports.haut-allier.eu\/wp-content\/uploads\/2018\/06\/joxi_screenshot_1530338574604-300x240.png 300w\" sizes=\"auto, (max-width: 378px) 100vw, 378px\" \/><br \/>\n&nbsp;<br \/>\n<img loading=\"lazy\" decoding=\"async\" class=\" aligncenter size-full wp-image-2409\" src=\"http:\/\/5.45.101.177\/haut-allier\/usagers-transportse\/wp-content\/uploads\/2018\/06\/joxi_screenshot_1530338528447.png\" alt=\"joxi_screenshot_1530338528447.png\" align=\"center\" width=\"375\" height=\"393\" srcset=\"https:\/\/usagers-transports.haut-allier.eu\/wp-content\/uploads\/2018\/06\/joxi_screenshot_1530338528447.png 375w, https:\/\/usagers-transports.haut-allier.eu\/wp-content\/uploads\/2018\/06\/joxi_screenshot_1530338528447-286x300.png 286w\" sizes=\"auto, (max-width: 375px) 100vw, 375px\" \/><br \/>\n&nbsp;<br \/>\n<strong>L&rsquo;ensemble des usagers de la ligne n&rsquo;autorisera plus de tels manquements inexpliqu\u00e9s et inexplicables de service, si ce n&rsquo;est la volont\u00e9 politique de la r\u00e9gion Aura et de SNCF de flinguer les mobilit\u00e9s des territoires dont ils ont la charge. <\/strong> <\/p>\n","protected":false},"excerpt":{"rendered":"<p>Apr\u00e8s les scandaleuses suppressions de circulations de tous les TER Auvergne Rh\u00f4ne Alpes de Monsieur Wauquiez depuis plus<\/p>\n","protected":false},"author":1,"featured_media":2407,"comment_status":"open","ping_status":"open","sticky":false,"template":"","format":"standard","meta":{"footnotes":""},"categories":[3],"tags":[],"class_list":["post-484","post","type-post","status-publish","format-standard","has-post-thumbnail","hentry","category-en-train"],"_links":{"self":[{"href":"https:\/\/usagers-transports.haut-allier.eu\/index.php\/wp-json\/wp\/v2\/posts\/484","targetHints":{"allow":["GET"]}}],"collection":[{"href":"https:\/\/usagers-transports.haut-allier.eu\/index.php\/wp-json\/wp\/v2\/posts"}],"about":[{"href":"https:\/\/usagers-transports.haut-allier.eu\/index.php\/wp-json\/wp\/v2\/types\/post"}],"author":[{"embeddable":true,"href":"https:\/\/usagers-transports.haut-allier.eu\/index.php\/wp-json\/wp\/v2\/users\/1"}],"replies":[{"embeddable":true,"href":"https:\/\/usagers-transports.haut-allier.eu\/index.php\/wp-json\/wp\/v2\/comments?post=484"}],"version-history":[{"count":0,"href":"https:\/\/usagers-transports.haut-allier.eu\/index.php\/wp-json\/wp\/v2\/posts\/484\/revisions"}],"wp:featuredmedia":[{"embeddable":true,"href":"https:\/\/usagers-transports.haut-allier.eu\/index.php\/wp-json\/wp\/v2\/media\/2407"}],"wp:attachment":[{"href":"https:\/\/usagers-transports.haut-allier.eu\/index.php\/wp-json\/wp\/v2\/media?parent=484"}],"wp:term":[{"taxonomy":"category","embeddable":true,"href":"https:\/\/usagers-transports.haut-allier.eu\/index.php\/wp-json\/wp\/v2\/categories?post=484"},{"taxonomy":"post_tag","embeddable":true,"href":"https:\/\/usagers-transports.haut-allier.eu\/index.php\/wp-json\/wp\/v2\/tags?post=484"}],"curies":[{"name":"wp","href":"https:\/\/api.w.org\/{rel}","templated":true}]}}