{"id":486,"date":"2018-07-04T08:24:27","date_gmt":"2018-07-04T06:24:27","guid":{"rendered":"http:\/\/5.45.101.177\/haut-allier\/usagers-transportse\/index.php\/2018\/07\/04\/gabegie-de-la-sncf-pas-d486\/"},"modified":"2018-07-04T08:24:27","modified_gmt":"2018-07-04T06:24:27","slug":"gabegie-de-la-sncf-pas-d486","status":"publish","type":"post","link":"https:\/\/usagers-transports.haut-allier.eu\/index.php\/2018\/07\/04\/gabegie-de-la-sncf-pas-d486\/","title":{"rendered":"Gabegie de la SNCF : Pas d&rsquo;inauguration pour la gare TGV de la honte \u00e0 Montpellier"},"content":{"rendered":"<p>La nouvelle gare TGV de la Mog\u00e8re a fait couler beaucoup d&rsquo;encre \u00e0 Montpellier et ailleurs pour d\u00e9noncer le passage en force de la SNCF qui sait pratiquer la politique du \u00ab\u00a0Je fais ce que je veux, je ne m&rsquo;occupe plus ou \u00e0 minima des lignes du quotidien et je construit des gares inutiles sur les lignes \u00e0 grande vitesse d\u00e9laissant les centres villes\u00a0\u00bb. Situ\u00e9e en effet \u00e0 7 kilom\u00e8tres environ du centre, comme celle du projet Manduel \u00e0 N\u00eemes, tr\u00e8s tr\u00e8s peu de trains l&#8217;emprunteront. Cela irrite \u00e9norm\u00e9ment le pontife local Philippe Saurel, digne h\u00e9ritier de feu Fr\u00eache, et principal et seul v\u00e9ritable partisan de la gare.<br \/>\n&nbsp;<br \/>\nLa ministre, Elisabeth Borne, a soigneusement annonc\u00e9 l&rsquo;annulation de sa pr\u00e9sence \u00e0 l&rsquo;inauguration pr\u00e9vue jeudi 5 juillet. Elle a du certainement h\u00e9siter d&rsquo;inaugurer cette gare absurde, elle qui a d\u00e9j\u00e0 expliqu\u00e9 que SNCF R\u00e9seau r\u00e9clame constamment de nouvelles infrastructures alors que les lignes actuelles pr\u00e9tendument satur\u00e9es pourraient en r\u00e9alit\u00e9 \u00eatre bien mieux exploit\u00e9es tout en rappelant le nombre hallucinant de voyageurs qui transitent par la ligne RER A de Paris sur seulement deux voies.<br \/>\n&nbsp;<br \/>\n<strong>Europe Ecologie Les Verts a d\u00e9cid\u00e9 de maintenir sa contre inauguration de la gare en la reportant au samedi 7 juillet pour l&rsquo;arriv\u00e9e du premier TGV commercial, de 15h30 \u00e0 17h00. <\/strong><br \/>\n&nbsp;<br \/>\nPour y aller en tram depuis Montpellier centre : L1 arr\u00eat \u00ab\u00a0Place de France\u00a0\u00bb puis traverser les deux autoroutes \u00e0 pied vers la gare.<br \/>\n&nbsp;<\/p>\n","protected":false},"excerpt":{"rendered":"<p>La nouvelle gare TGV de la Mog\u00e8re a fait couler beaucoup d&rsquo;encre \u00e0 Montpellier et ailleurs pour d\u00e9noncer<\/p>\n","protected":false},"author":1,"featured_media":2416,"comment_status":"open","ping_status":"open","sticky":false,"template":"","format":"standard","meta":{"footnotes":""},"categories":[2],"tags":[],"class_list":["post-486","post","type-post","status-publish","format-standard","has-post-thumbnail","hentry","category-infos"],"_links":{"self":[{"href":"https:\/\/usagers-transports.haut-allier.eu\/index.php\/wp-json\/wp\/v2\/posts\/486","targetHints":{"allow":["GET"]}}],"collection":[{"href":"https:\/\/usagers-transports.haut-allier.eu\/index.php\/wp-json\/wp\/v2\/posts"}],"about":[{"href":"https:\/\/usagers-transports.haut-allier.eu\/index.php\/wp-json\/wp\/v2\/types\/post"}],"author":[{"embeddable":true,"href":"https:\/\/usagers-transports.haut-allier.eu\/index.php\/wp-json\/wp\/v2\/users\/1"}],"replies":[{"embeddable":true,"href":"https:\/\/usagers-transports.haut-allier.eu\/index.php\/wp-json\/wp\/v2\/comments?post=486"}],"version-history":[{"count":0,"href":"https:\/\/usagers-transports.haut-allier.eu\/index.php\/wp-json\/wp\/v2\/posts\/486\/revisions"}],"wp:featuredmedia":[{"embeddable":true,"href":"https:\/\/usagers-transports.haut-allier.eu\/index.php\/wp-json\/wp\/v2\/media\/2416"}],"wp:attachment":[{"href":"https:\/\/usagers-transports.haut-allier.eu\/index.php\/wp-json\/wp\/v2\/media?parent=486"}],"wp:term":[{"taxonomy":"category","embeddable":true,"href":"https:\/\/usagers-transports.haut-allier.eu\/index.php\/wp-json\/wp\/v2\/categories?post=486"},{"taxonomy":"post_tag","embeddable":true,"href":"https:\/\/usagers-transports.haut-allier.eu\/index.php\/wp-json\/wp\/v2\/tags?post=486"}],"curies":[{"name":"wp","href":"https:\/\/api.w.org\/{rel}","templated":true}]}}