{"id":488,"date":"2018-07-13T12:46:14","date_gmt":"2018-07-13T10:46:14","guid":{"rendered":"http:\/\/5.45.101.177\/haut-allier\/usagers-transportse\/index.php\/2018\/07\/13\/le-train-aubrac-beziers-clermont488\/"},"modified":"2018-07-13T12:46:14","modified_gmt":"2018-07-13T10:46:14","slug":"le-train-aubrac-beziers-clermont488","status":"publish","type":"post","link":"https:\/\/usagers-transports.haut-allier.eu\/index.php\/2018\/07\/13\/le-train-aubrac-beziers-clermont488\/","title":{"rendered":"Le train Aubrac B\u00e9ziers Clermont-Ferrand prolong\u00e9 jusqu&rsquo;\u00e0 fin 2019 !"},"content":{"rendered":"<p>Quelle bonne nouvelle ! Et quel camouflet magistral pour la SNCF cela aurait \u00e9t\u00e9 si devant les cam\u00e9ras du monde entier la ligne avait \u00e9t\u00e9 ferm\u00e9e trois mois apr\u00e8s les c\u00e9l\u00e9brations en septembre prochain du <a href=\"http:\/\/usagers-transports.haut-allier.eu\/?le-viaduc-de-garabit-a-presque-130,464\">130\u00e8me anniversaire du viaduc de Garabit<\/a> !<br \/>\n&nbsp;<br \/>\nMais la R\u00e9gion Occitanie a obtenu de la SNCF que la fermeture \u00e9ventuelle soit repouss\u00e9e d&rsquo;un an. <a href=\"https:\/\/www.midilibre.fr\/2018\/07\/13\/train-aubrac-la-sncf-prolonge-lexploitation-de-la-ligne-pendant-un-an,4653764.php\"><strong>Midi LIbre<\/strong><\/a> nous l&rsquo;apprend et aussi que plusieurs pistes sont envisag\u00e9es pour booster la ligne comme le cadencement de trains pour permettre aux salari\u00e9s de l&rsquo;utiliser pour leur travail.<br \/>\n&nbsp;<br \/>\nEnfin ! Mais qu&rsquo;attend la soci\u00e9t\u00e9 dite ferroviaire pour faire de m\u00eame sur la ligne du C\u00e9venol ?<br \/>\n&nbsp;<br \/>\n<strong>Le potentiel de la ligne est \u00e9norme<\/strong><br \/>\n&nbsp;<br \/>\nMais oui \u00e9norme : l&rsquo;axe Espagne &#8211; B\u00e9ziers &#8211; Millau &#8211; Massif central &#8211; Clermont-Ferranbd et Paris qu&rsquo;il faut d\u00e9velopper co\u00fbte que co\u00fbte avec des initiatives audacieuses pouss\u00e9es par une politique courageuse, mais aussi l&rsquo;axe Lyon Le Puy Langeac Langogne Mende S\u00e8verac le Ch\u00e2teau Rodez et Toulouse voire Bordeaux pourquoi pas ? Mais faudrait-il encore que certaines r\u00e9gions ne fassent pas tout pour \u00e9liminer les axes ferroviaires existants.<br \/>\n&nbsp;<br \/>\n<strong>Saluons une fois de plus le gros effort de la grande r\u00e9gion occitane et de son vice-pr\u00e9sident Jean-Luc Gibelin, pr\u00e9sent sur tous les fronts. Bravo \u00e0 eux et honte aux autres (les lamentables de la r\u00e9gion Auvergne Rh\u00f4ne Alpes par exemple). <\/strong><br \/>\n&nbsp;<br \/>\nEt on se retient d&rsquo;en dire plus.<br \/>\n&nbsp;<\/p>\n","protected":false},"excerpt":{"rendered":"<p>Quelle bonne nouvelle ! Et quel camouflet magistral pour la SNCF cela aurait \u00e9t\u00e9 si devant les cam\u00e9ras<\/p>\n","protected":false},"author":1,"featured_media":2419,"comment_status":"open","ping_status":"open","sticky":false,"template":"","format":"standard","meta":{"footnotes":""},"categories":[3],"tags":[],"class_list":["post-488","post","type-post","status-publish","format-standard","has-post-thumbnail","hentry","category-en-train"],"_links":{"self":[{"href":"https:\/\/usagers-transports.haut-allier.eu\/index.php\/wp-json\/wp\/v2\/posts\/488","targetHints":{"allow":["GET"]}}],"collection":[{"href":"https:\/\/usagers-transports.haut-allier.eu\/index.php\/wp-json\/wp\/v2\/posts"}],"about":[{"href":"https:\/\/usagers-transports.haut-allier.eu\/index.php\/wp-json\/wp\/v2\/types\/post"}],"author":[{"embeddable":true,"href":"https:\/\/usagers-transports.haut-allier.eu\/index.php\/wp-json\/wp\/v2\/users\/1"}],"replies":[{"embeddable":true,"href":"https:\/\/usagers-transports.haut-allier.eu\/index.php\/wp-json\/wp\/v2\/comments?post=488"}],"version-history":[{"count":0,"href":"https:\/\/usagers-transports.haut-allier.eu\/index.php\/wp-json\/wp\/v2\/posts\/488\/revisions"}],"wp:featuredmedia":[{"embeddable":true,"href":"https:\/\/usagers-transports.haut-allier.eu\/index.php\/wp-json\/wp\/v2\/media\/2419"}],"wp:attachment":[{"href":"https:\/\/usagers-transports.haut-allier.eu\/index.php\/wp-json\/wp\/v2\/media?parent=488"}],"wp:term":[{"taxonomy":"category","embeddable":true,"href":"https:\/\/usagers-transports.haut-allier.eu\/index.php\/wp-json\/wp\/v2\/categories?post=488"},{"taxonomy":"post_tag","embeddable":true,"href":"https:\/\/usagers-transports.haut-allier.eu\/index.php\/wp-json\/wp\/v2\/tags?post=488"}],"curies":[{"name":"wp","href":"https:\/\/api.w.org\/{rel}","templated":true}]}}