{"id":489,"date":"2018-07-18T19:04:17","date_gmt":"2018-07-18T17:04:17","guid":{"rendered":"http:\/\/5.45.101.177\/haut-allier\/usagers-transportse\/index.php\/2018\/07\/18\/ligne-sncf-coupee-clermont-saint489\/"},"modified":"2018-07-18T19:04:17","modified_gmt":"2018-07-18T17:04:17","slug":"ligne-sncf-coupee-clermont-saint489","status":"publish","type":"post","link":"https:\/\/usagers-transports.haut-allier.eu\/index.php\/2018\/07\/18\/ligne-sncf-coupee-clermont-saint489\/","title":{"rendered":"Ligne SNCF coup\u00e9e Clermont Saint-Etienne : la r\u00e9gion AuRA ressucite Montbrison Bo\u00ebn !"},"content":{"rendered":"<p>Bon on est loin de revoir la r\u00e9ouverture totale du tron\u00e7on Thiers Bo\u00ebn scandaleusement coup\u00e9 voici deux ans par la SNCF, mais l&rsquo;ensemble des collectivit\u00e9s de la Loire dont le d\u00e9partement, les intercommunalit\u00e9s et&#8230; la r\u00e9gion Auvergne Rh\u00f4ne Alpes d\u00e9cident de rouvrir Montbrison Bo\u00ebn. Qui l&rsquo;eut cru ? Ainsi Wauquiez pourra dire qu&rsquo;il a sauv\u00e9 22 km de petite ligne !<br \/>\n&nbsp;<br \/>\nVoici un copi\u00e9 coll\u00e9 de l&rsquo;article du 14 juillet du webzine Transportrail (Merci \u00e0 Denis Fesquet) :<br \/>\n&nbsp;  <\/p>\n<p>[(<br \/>\nMontbrison &#8211; Bo\u00ebn : des travaux pour r\u00e9activer la ligne.<br \/>\n&nbsp;<br \/>\nVoici deux ans, la SNCF coupait par le milieu, selon la bonne vieille m\u00e9thode ancestrale, la liaison Saint Etienne -Clermont-Ferrand entre Thiers et Montbrison. Les \u00e9lus locaux ont obtenu d&rsquo;une R\u00e9gion peu favorable au d\u00e9veloppement du transport ferroviaire en ce moment la restauration de la desserte entre Montbrison et Bo\u00ebn, sur une distance de 21,8 km.<br \/>\n&nbsp;<br \/>\nUn budget de 8,3 M\u20ac a \u00e9t\u00e9 affect\u00e9 dans le \u00ab plan de sauvetage des lignes r\u00e9gionales \u00bb de la R\u00e9gion Auvergne Rh\u00f4ne-Alpes sur cette relation. La R\u00e9gion finance la moiti\u00e9 du co\u00fbt et le reste est apport\u00e9 par le D\u00e9partement de la Loire et les intercommunalit\u00e9s. Les travaux vont durer un an car depuis la \u00ab suspension \u00bb de l&rsquo;exploitation, la nature a repris le terrain et la d\u00e9gradation des ouvrages a \u00e9t\u00e9 amplifi\u00e9e.<br \/>\n&nbsp;<br \/>\nOutre le renouvellement de la voie, deux tabliers m\u00e9talliques seront remplac\u00e9s et la signalisation r\u00e9nov\u00e9e. Les trains circuleront \u00e0 100 km\/h, comme auparavant. Cependant, ces travaux parent au plus press\u00e9.<br \/>\n&nbsp;<br \/>\nEn outre, le niveau de desserte reste \u00e0 d\u00e9finir car comment s&rsquo;\u00e9tonner de la faible fr\u00e9quentation des trains avant 2016  (environ 100 voyageurs par jour sur la section consid\u00e9r\u00e9e) : il ne restait plus qu&rsquo;un seul aller-retour au-del\u00e0 de Montbrison contre 5 lorsque la desserte Saint Etienne &#8211; Clermont-Ferrand se tenait encore. On compte 9 allers-retours actuellement entre Saint Etienne et Montbrison. Seront-ils prolong\u00e9s \u00e0 Bo\u00ebn ?<br \/>\n&nbsp;<br \/>\nIl n&rsquo;en reste pas moins que la suppression de la desserte ferroviaire Saint Etienne &#8211; Clermont-Ferrand est une honte : les autocars qui ont pris le relais des trains relient les deux agglom\u00e9rations (d&rsquo;au moins 300 000 habitants) en 3h26 avec 7 arr\u00eats interm\u00e9diaires&#8230; et encore, il n&rsquo;y a qu&rsquo;un seul aller-retour par jour ! Scandaleux quand on pense que les 5 allers-retours qui existaient il n&rsquo;y a pas si longtemps proposaient un temps de parcours de 2h03 avec des X4630 en r\u00e9f\u00e9rence, pourtant pas r\u00e9put\u00e9s pour leurs performances transcendantes sur des lignes \u00e0 profil s\u00e9v\u00e8re&#8230;<br \/>\n )]<br \/>\n&nbsp;<br \/>\n<a href=\"http:\/\/transportrail.canalblog.com\/archives\/2018\/07\/14\/36560733.html\">L&rsquo;article sur Transportrail <\/a>.<br \/>\n&nbsp;<\/p>\n","protected":false},"excerpt":{"rendered":"<p>Bon on est loin de revoir la r\u00e9ouverture totale du tron\u00e7on Thiers Bo\u00ebn scandaleusement coup\u00e9 voici deux ans<\/p>\n","protected":false},"author":1,"featured_media":2420,"comment_status":"open","ping_status":"open","sticky":false,"template":"","format":"standard","meta":{"footnotes":""},"categories":[3],"tags":[],"class_list":["post-489","post","type-post","status-publish","format-standard","has-post-thumbnail","hentry","category-en-train"],"_links":{"self":[{"href":"https:\/\/usagers-transports.haut-allier.eu\/index.php\/wp-json\/wp\/v2\/posts\/489","targetHints":{"allow":["GET"]}}],"collection":[{"href":"https:\/\/usagers-transports.haut-allier.eu\/index.php\/wp-json\/wp\/v2\/posts"}],"about":[{"href":"https:\/\/usagers-transports.haut-allier.eu\/index.php\/wp-json\/wp\/v2\/types\/post"}],"author":[{"embeddable":true,"href":"https:\/\/usagers-transports.haut-allier.eu\/index.php\/wp-json\/wp\/v2\/users\/1"}],"replies":[{"embeddable":true,"href":"https:\/\/usagers-transports.haut-allier.eu\/index.php\/wp-json\/wp\/v2\/comments?post=489"}],"version-history":[{"count":0,"href":"https:\/\/usagers-transports.haut-allier.eu\/index.php\/wp-json\/wp\/v2\/posts\/489\/revisions"}],"wp:featuredmedia":[{"embeddable":true,"href":"https:\/\/usagers-transports.haut-allier.eu\/index.php\/wp-json\/wp\/v2\/media\/2420"}],"wp:attachment":[{"href":"https:\/\/usagers-transports.haut-allier.eu\/index.php\/wp-json\/wp\/v2\/media?parent=489"}],"wp:term":[{"taxonomy":"category","embeddable":true,"href":"https:\/\/usagers-transports.haut-allier.eu\/index.php\/wp-json\/wp\/v2\/categories?post=489"},{"taxonomy":"post_tag","embeddable":true,"href":"https:\/\/usagers-transports.haut-allier.eu\/index.php\/wp-json\/wp\/v2\/tags?post=489"}],"curies":[{"name":"wp","href":"https:\/\/api.w.org\/{rel}","templated":true}]}}