{"id":490,"date":"2018-07-18T19:11:51","date_gmt":"2018-07-18T17:11:51","guid":{"rendered":"http:\/\/5.45.101.177\/haut-allier\/usagers-transportse\/index.php\/2018\/07\/18\/l-exemple-a-suivre-un-appel-a-la490\/"},"modified":"2018-07-18T19:11:51","modified_gmt":"2018-07-18T17:11:51","slug":"l-exemple-a-suivre-un-appel-a-la490","status":"publish","type":"post","link":"https:\/\/usagers-transports.haut-allier.eu\/index.php\/2018\/07\/18\/l-exemple-a-suivre-un-appel-a-la490\/","title":{"rendered":"L&rsquo;exemple \u00e0 suivre : un appel \u00e0 la coop\u00e9ration sign\u00e9 le 19 juillet pour le d\u00e9veloppement ferroviaire de l&rsquo;\u00e9toile de Veynes (Alpes)"},"content":{"rendered":"<p>Voil\u00e0 exactement ce qu&rsquo;il faut faire sur toutes les lignes menac\u00e9es dans le pays : la coop\u00e9ration de tous les acteurs autour des zones travers\u00e9es par le train.<br \/>\n&nbsp;<br \/>\nL&rsquo;initiative vient du Collectif de l&rsquo;\u00e9toile de Veynes (05). Voici leur communiqu\u00e9. Nous leur souhaitons plein succ\u00e8s.<br \/>\n&nbsp;<br \/>\n<strong>Ce mercredi 18 juillet 2018 \u00e0 16h30 en mairie de Lus-la-Croix-Haute, a eu lieu la signature officielle de la lettre d&rsquo;appel \u00e0 coop\u00e9ration.<\/strong><br \/>\n&nbsp;<br \/>\nC\u2019\u00e9tait il y a deux ans. Au cours de l\u2019\u00e9t\u00e9 2016, de nombreux partenaires issus des territoires irrigu\u00e9s par les trains de l\u2019\u00e9toile ferroviaire de Veynes lan\u00e7aient un Manifeste pour le renouveau de l\u2019\u00e9toile. Ce manifeste, qui avait abouti \u00e0 la cr\u00e9ation du Collectif de l\u2019\u00e9toile de Veynes, prend d\u00e9sormais une nouvelle dimension. Demain, \u00e0 Lus-la-Croix-Haute, une lettre d\u2019appel \u00e0 coop\u00e9rer pour le d\u00e9veloppement de l\u2019\u00e9toile sera sign\u00e9e par les premiers partenaires* et adress\u00e9e \u00e0 l\u2019ensemble des structures concern\u00e9es (collectivit\u00e9s territoriales, parcs naturels, offices du tourisme, parcs naturels, associations, citoyens), dans l\u2019ensemble des territoires travers\u00e9s. Elle les invite \u00e0 rejoindre la d\u00e9marche pour assurer un d\u00e9veloppement pertinent du service ferroviaire :<br \/>\n&nbsp;<br \/>\n\u00ab Les lignes ferroviaires de l&rsquo;\u00e9toile de Veynes, construites il y a pr\u00e8s d&rsquo;un si\u00e8cle et demi, ont constitu\u00e9 des axes de d\u00e9veloppement et de d\u00e9senclavement consid\u00e9rables pour nos montagnes. Ces lignes comptent de nombreux atouts qui valoris\u00e9s permettront un d\u00e9veloppement socio-\u00e9conomique de nos territoires respectueux de l&rsquo;environnement. C&rsquo;est \u00e0 travers la coop\u00e9ration que nous proposons de dessiner un avenir pour les lignes de l\u2019\u00c9toile ferroviaire de Veynes, le bon fonctionnement des lignes restant de la comp\u00e9tence des autorit\u00e9s organisatrices des transports (AOT) \u00bb.<br \/>\n&nbsp;<br \/>\n<strong>Axes de travail<\/strong><br \/>\n&nbsp;<br \/>\nLa r\u00e9union de demain permettra une premi\u00e8re discussion sur les pistes de travail possibles, parmi celles \u00e9voqu\u00e9s par la lettre :<br \/>\n&nbsp;<br \/>\n&#8211; renforcement de nouvelles organisations du travail le long des lignes de train et de l\u2019habitabilit\u00e9 des zones rurales travers\u00e9es,<\/p>\n<p>&#8211; d\u00e9veloppement socio-\u00e9conomique des territoires \u00e0 travers un tourisme s&rsquo;appuyant sur l&rsquo;usage du train,<\/p>\n<p>&#8211; r\u00e9flexion autour du fonctionnement technique et financier des lignes,<\/p>\n<p>&#8211; amorce d\u2019une action pour faire de ces lignes une base de recherche et d\u00e9veloppement pour l\u2019avenir du transport ferroviaire dans le cadre de la transition \u00e9nerg\u00e9tique (ex : train \u00e0 hydrog\u00e8ne)<\/p>\n<p>&#8211; optimisation du foncier et du patrimoine immobilier \u00e0 l\u2019abord des gares,<\/p>\n<p>&#8211; promotion de la ligne et des territoires travers\u00e9s par de la communication, de l\u2019\u00e9v\u00e9nementiel, de la valorisation culturelle et patrimoniale.<\/p>\n<p>&nbsp;<br \/>\n<em>* Premiers signataires :<\/em><br \/>\n&nbsp;<br \/>\nCommunaut\u00e9 de communes du Diois, Metro de Grenoble, Communaut\u00e9s de communes du Val de Dr\u00f4me, Syndicat mixte des transports en commun de l\u2019agglom\u00e9ration grenobloise (SMTC), Pays gapen\u00e7ais, Parc naturel r\u00e9gional du Vercors, Collectif de l\u2019\u00e9toile ferroviaire de Veynes, Conseil de d\u00e9veloppement du Pays gapen\u00e7ais, Collectif diois pour le Train. Ils sont accompagn\u00e9s par la CIPRA pour l\u2019animation des premi\u00e8res \u00e9tapes de la d\u00e9marche. Les structures qui souhaitent rejoindre la dynamique seront invit\u00e9es \u00e0 une grande r\u00e9union de travail et de r\u00e9flexion le 9 octobre 2018.<\/p>\n","protected":false},"excerpt":{"rendered":"<p>Voil\u00e0 exactement ce qu&rsquo;il faut faire sur toutes les lignes menac\u00e9es dans le pays : la coop\u00e9ration de<\/p>\n","protected":false},"author":1,"featured_media":2421,"comment_status":"open","ping_status":"open","sticky":false,"template":"","format":"standard","meta":{"footnotes":""},"categories":[3],"tags":[],"class_list":["post-490","post","type-post","status-publish","format-standard","has-post-thumbnail","hentry","category-en-train"],"_links":{"self":[{"href":"https:\/\/usagers-transports.haut-allier.eu\/index.php\/wp-json\/wp\/v2\/posts\/490","targetHints":{"allow":["GET"]}}],"collection":[{"href":"https:\/\/usagers-transports.haut-allier.eu\/index.php\/wp-json\/wp\/v2\/posts"}],"about":[{"href":"https:\/\/usagers-transports.haut-allier.eu\/index.php\/wp-json\/wp\/v2\/types\/post"}],"author":[{"embeddable":true,"href":"https:\/\/usagers-transports.haut-allier.eu\/index.php\/wp-json\/wp\/v2\/users\/1"}],"replies":[{"embeddable":true,"href":"https:\/\/usagers-transports.haut-allier.eu\/index.php\/wp-json\/wp\/v2\/comments?post=490"}],"version-history":[{"count":0,"href":"https:\/\/usagers-transports.haut-allier.eu\/index.php\/wp-json\/wp\/v2\/posts\/490\/revisions"}],"wp:featuredmedia":[{"embeddable":true,"href":"https:\/\/usagers-transports.haut-allier.eu\/index.php\/wp-json\/wp\/v2\/media\/2421"}],"wp:attachment":[{"href":"https:\/\/usagers-transports.haut-allier.eu\/index.php\/wp-json\/wp\/v2\/media?parent=490"}],"wp:term":[{"taxonomy":"category","embeddable":true,"href":"https:\/\/usagers-transports.haut-allier.eu\/index.php\/wp-json\/wp\/v2\/categories?post=490"},{"taxonomy":"post_tag","embeddable":true,"href":"https:\/\/usagers-transports.haut-allier.eu\/index.php\/wp-json\/wp\/v2\/tags?post=490"}],"curies":[{"name":"wp","href":"https:\/\/api.w.org\/{rel}","templated":true}]}}