{"id":491,"date":"2018-07-21T18:52:41","date_gmt":"2018-07-21T16:52:41","guid":{"rendered":"http:\/\/5.45.101.177\/haut-allier\/usagers-transportse\/index.php\/2018\/07\/21\/genolhac-le-cri-du-train-cevenol491\/"},"modified":"2018-07-21T18:52:41","modified_gmt":"2018-07-21T16:52:41","slug":"genolhac-le-cri-du-train-cevenol491","status":"publish","type":"post","link":"https:\/\/usagers-transports.haut-allier.eu\/index.php\/2018\/07\/21\/genolhac-le-cri-du-train-cevenol491\/","title":{"rendered":"G\u00e9nolhac : le cri du train C\u00e9venol brise le ronron du Tour de France cycliste [MAJ]"},"content":{"rendered":"<p><em>(De notre envoy\u00e9 sp\u00e9cial&#8230;)<\/em><br \/>\n&nbsp;<br \/>\nLe passage du tour de France \u00e9tait l&rsquo;occasion pour les usagers des services publics des Hautes C\u00e9vennes de se manifester et de dire leur m\u00e9contentement au sujet de la desserte ferroviaire qui se d\u00e9grade au fil du temps. L&rsquo;occasion aussi de faire la f\u00eate avec une s\u00e9rie d&rsquo;animations.<br \/>\n&nbsp;<br \/>\nOn a pu ainsi admirer la chor\u00e9graphie imagin\u00e9e par le collectif pour attirer l&rsquo;attention des cam\u00e9ras de t\u00e9l\u00e9 et esp\u00e9rer donc un passage sur France 2 qui couvrait le tour.<br \/>\n&nbsp;<br \/>\n<img loading=\"lazy\" decoding=\"async\" class=\" aligncenter size-full wp-image-2423\" src=\"http:\/\/5.45.101.177\/haut-allier\/usagers-transportse\/wp-content\/uploads\/2018\/07\/img_93971.jpg\" alt=\"img_93971.jpg\" align=\"center\" width=\"800\" height=\"490\" srcset=\"https:\/\/usagers-transports.haut-allier.eu\/wp-content\/uploads\/2018\/07\/img_93971.jpg 800w, https:\/\/usagers-transports.haut-allier.eu\/wp-content\/uploads\/2018\/07\/img_93971-300x184.jpg 300w, https:\/\/usagers-transports.haut-allier.eu\/wp-content\/uploads\/2018\/07\/img_93971-768x470.jpg 768w\" sizes=\"auto, (max-width: 800px) 100vw, 800px\" \/><br \/>\n&nbsp;<br \/>\n<em>Sur un tee-shirt&#8230;<\/em><br \/>\n<img loading=\"lazy\" decoding=\"async\" class=\" aligncenter size-full wp-image-2424\" src=\"http:\/\/5.45.101.177\/haut-allier\/usagers-transportse\/wp-content\/uploads\/2018\/07\/img_71301.jpg\" alt=\"img_71301.jpg\" align=\"center\" width=\"736\" height=\"800\" srcset=\"https:\/\/usagers-transports.haut-allier.eu\/wp-content\/uploads\/2018\/07\/img_71301.jpg 736w, https:\/\/usagers-transports.haut-allier.eu\/wp-content\/uploads\/2018\/07\/img_71301-276x300.jpg 276w\" sizes=\"auto, (max-width: 736px) 100vw, 736px\" \/><br \/>\n&nbsp;<br \/>\nMerci aux activistes c\u00e9venols.<br \/>\n&nbsp;<br \/>\n<strong>[Mise \u00e0 Jour du 24 juillet]<\/strong><br \/>\n&nbsp;<br \/>\n<img loading=\"lazy\" decoding=\"async\" class=\" aligncenter size-full wp-image-2425\" src=\"http:\/\/5.45.101.177\/haut-allier\/usagers-transportse\/wp-content\/uploads\/2018\/07\/image3.jpg\" alt=\"image3.jpg\" align=\"center\" width=\"800\" height=\"597\" srcset=\"https:\/\/usagers-transports.haut-allier.eu\/wp-content\/uploads\/2018\/07\/image3.jpg 800w, https:\/\/usagers-transports.haut-allier.eu\/wp-content\/uploads\/2018\/07\/image3-300x224.jpg 300w, https:\/\/usagers-transports.haut-allier.eu\/wp-content\/uploads\/2018\/07\/image3-768x573.jpg 768w\" sizes=\"auto, (max-width: 800px) 100vw, 800px\" \/><br \/>\n<img loading=\"lazy\" decoding=\"async\" class=\" aligncenter size-full wp-image-2426\" src=\"http:\/\/5.45.101.177\/haut-allier\/usagers-transportse\/wp-content\/uploads\/2018\/07\/image2.jpg\" alt=\"image2.jpg\" align=\"center\" width=\"800\" height=\"597\" srcset=\"https:\/\/usagers-transports.haut-allier.eu\/wp-content\/uploads\/2018\/07\/image2.jpg 800w, https:\/\/usagers-transports.haut-allier.eu\/wp-content\/uploads\/2018\/07\/image2-300x224.jpg 300w, https:\/\/usagers-transports.haut-allier.eu\/wp-content\/uploads\/2018\/07\/image2-768x573.jpg 768w\" sizes=\"auto, (max-width: 800px) 100vw, 800px\" \/><br \/>\n<img loading=\"lazy\" decoding=\"async\" class=\" aligncenter size-full wp-image-2427\" src=\"http:\/\/5.45.101.177\/haut-allier\/usagers-transportse\/wp-content\/uploads\/2018\/07\/image-3.jpg\" alt=\"image-3.jpg\" align=\"center\" width=\"800\" height=\"530\" srcset=\"https:\/\/usagers-transports.haut-allier.eu\/wp-content\/uploads\/2018\/07\/image-3.jpg 800w, https:\/\/usagers-transports.haut-allier.eu\/wp-content\/uploads\/2018\/07\/image-3-300x199.jpg 300w, https:\/\/usagers-transports.haut-allier.eu\/wp-content\/uploads\/2018\/07\/image-3-768x509.jpg 768w\" sizes=\"auto, (max-width: 800px) 100vw, 800px\" \/><br \/>\n&nbsp;<br \/>\nDans la presse :<br \/>\n&nbsp;<br \/>\n<img loading=\"lazy\" decoding=\"async\" class=\" aligncenter size-full wp-image-2428\" src=\"http:\/\/5.45.101.177\/haut-allier\/usagers-transportse\/wp-content\/uploads\/2018\/07\/page_midi_libre_juillet_2018_le_22_light.jpg\" alt=\"page_midi_libre_juillet_2018_le_22_light.jpg\" align=\"center\" width=\"2500\" height=\"1507\" srcset=\"https:\/\/usagers-transports.haut-allier.eu\/wp-content\/uploads\/2018\/07\/page_midi_libre_juillet_2018_le_22_light.jpg 2500w, https:\/\/usagers-transports.haut-allier.eu\/wp-content\/uploads\/2018\/07\/page_midi_libre_juillet_2018_le_22_light-300x181.jpg 300w, https:\/\/usagers-transports.haut-allier.eu\/wp-content\/uploads\/2018\/07\/page_midi_libre_juillet_2018_le_22_light-1024x617.jpg 1024w, https:\/\/usagers-transports.haut-allier.eu\/wp-content\/uploads\/2018\/07\/page_midi_libre_juillet_2018_le_22_light-768x463.jpg 768w, https:\/\/usagers-transports.haut-allier.eu\/wp-content\/uploads\/2018\/07\/page_midi_libre_juillet_2018_le_22_light-1536x926.jpg 1536w, https:\/\/usagers-transports.haut-allier.eu\/wp-content\/uploads\/2018\/07\/page_midi_libre_juillet_2018_le_22_light-2048x1235.jpg 2048w\" sizes=\"auto, (max-width: 2500px) 100vw, 2500px\" \/><br \/>\n&nbsp;<br \/>\n<a href=\"http:\/\/5.45.101.177\/haut-allier\/usagers-transportse\/wp-content\/uploads\/2018\/07\/velo_geno.pdf\">velo_geno.pdf<\/a><\/p>\n","protected":false},"excerpt":{"rendered":"<p>(De notre envoy\u00e9 sp\u00e9cial&#8230;) &nbsp; Le passage du tour de France \u00e9tait l&rsquo;occasion pour les usagers des services<\/p>\n","protected":false},"author":1,"featured_media":2422,"comment_status":"open","ping_status":"open","sticky":false,"template":"","format":"standard","meta":{"footnotes":""},"categories":[3],"tags":[],"class_list":["post-491","post","type-post","status-publish","format-standard","has-post-thumbnail","hentry","category-en-train"],"_links":{"self":[{"href":"https:\/\/usagers-transports.haut-allier.eu\/index.php\/wp-json\/wp\/v2\/posts\/491","targetHints":{"allow":["GET"]}}],"collection":[{"href":"https:\/\/usagers-transports.haut-allier.eu\/index.php\/wp-json\/wp\/v2\/posts"}],"about":[{"href":"https:\/\/usagers-transports.haut-allier.eu\/index.php\/wp-json\/wp\/v2\/types\/post"}],"author":[{"embeddable":true,"href":"https:\/\/usagers-transports.haut-allier.eu\/index.php\/wp-json\/wp\/v2\/users\/1"}],"replies":[{"embeddable":true,"href":"https:\/\/usagers-transports.haut-allier.eu\/index.php\/wp-json\/wp\/v2\/comments?post=491"}],"version-history":[{"count":0,"href":"https:\/\/usagers-transports.haut-allier.eu\/index.php\/wp-json\/wp\/v2\/posts\/491\/revisions"}],"wp:featuredmedia":[{"embeddable":true,"href":"https:\/\/usagers-transports.haut-allier.eu\/index.php\/wp-json\/wp\/v2\/media\/2422"}],"wp:attachment":[{"href":"https:\/\/usagers-transports.haut-allier.eu\/index.php\/wp-json\/wp\/v2\/media?parent=491"}],"wp:term":[{"taxonomy":"category","embeddable":true,"href":"https:\/\/usagers-transports.haut-allier.eu\/index.php\/wp-json\/wp\/v2\/categories?post=491"},{"taxonomy":"post_tag","embeddable":true,"href":"https:\/\/usagers-transports.haut-allier.eu\/index.php\/wp-json\/wp\/v2\/tags?post=491"}],"curies":[{"name":"wp","href":"https:\/\/api.w.org\/{rel}","templated":true}]}}