{"id":493,"date":"2018-07-24T07:58:47","date_gmt":"2018-07-24T05:58:47","guid":{"rendered":"http:\/\/5.45.101.177\/haut-allier\/usagers-transportse\/index.php\/2018\/07\/24\/france-inter-la-sncf-est-elle493\/"},"modified":"2018-07-24T07:58:47","modified_gmt":"2018-07-24T05:58:47","slug":"france-inter-la-sncf-est-elle493","status":"publish","type":"post","link":"https:\/\/usagers-transports.haut-allier.eu\/index.php\/2018\/07\/24\/france-inter-la-sncf-est-elle493\/","title":{"rendered":"France Inter : La SNCF est-elle devenue une agence de communication et d&rsquo;influence ?"},"content":{"rendered":"<p>Enfin la vraie question sur le m\u00e9dia national de r\u00e9f\u00e9rence. Guillaume P\u00e9py s&rsquo;en sortira-t-il encore cette fois ? Le Pr\u00e9sident menteur de la soci\u00e9t\u00e9 dite ferroviaire est l\u00e0 sur le grill dans une \u00e9mission du 1er juillet sur France Inter.<br \/>\n&nbsp;<br \/>\n<em>\u00ab\u00a0Alors que la dette de plus de 55 milliards d&rsquo;euros de la SNCF, au c\u0153ur des d\u00e9bats de la r\u00e9forme du ferroviaire, augmente de 2 milliards chaque ann\u00e9e, l&rsquo;entreprise publique d\u00e9pense des sommes tr\u00e8s importantes en lobbying et communication.\u00a0\u00bb<\/em> : c&rsquo;est le chapeau de l&rsquo;\u00e9mission. A \u00e9couter c&rsquo;est \u00e9difiant.<br \/>\n&nbsp;<br \/>\n<a href=\"https:\/\/www.franceinter.fr\/emissions\/secrets-d-info\/secrets-d-info-01-juillet-2018\"><strong>Secrets d&rsquo;info<\/strong><\/a><br \/>\n&nbsp;<br \/>\nPour r\u00e9nover les lignes secondaires: \u00ab Y&rsquo;a pas d&rsquo;argent ! \u00bb&#8230; mais pour la com: \u00ab Il y en a ! \u00bb<br \/>\n&nbsp;<br \/>\nCe qu&rsquo;on append dans ce reportage est tout bonnement hallucinant ! Il faut faire savoir les agissements du Groupe SNCF avec l&rsquo;aval de son PDG \u00e0 tout le monde.<br \/>\n&nbsp;<br \/>\nCes d\u00e9tournements d&rsquo;argent public, car il s&rsquo;agit bien de cela sur le fond, sans utilisation directe pour am\u00e9liorer le r\u00e9seau ferroviaire ou les gares par exemple, sont une HONTE ! Comment se fait-il qu&rsquo;aucune condamnation n&rsquo;ait toujours pas \u00e9t\u00e9 prononc\u00e9e \u00e0 ce sujet par la justice ?<\/p>\n","protected":false},"excerpt":{"rendered":"<p>Enfin la vraie question sur le m\u00e9dia national de r\u00e9f\u00e9rence. Guillaume P\u00e9py s&rsquo;en sortira-t-il encore cette fois ?<\/p>\n","protected":false},"author":1,"featured_media":2431,"comment_status":"open","ping_status":"open","sticky":false,"template":"","format":"standard","meta":{"footnotes":""},"categories":[2],"tags":[],"class_list":["post-493","post","type-post","status-publish","format-standard","has-post-thumbnail","hentry","category-infos"],"_links":{"self":[{"href":"https:\/\/usagers-transports.haut-allier.eu\/index.php\/wp-json\/wp\/v2\/posts\/493","targetHints":{"allow":["GET"]}}],"collection":[{"href":"https:\/\/usagers-transports.haut-allier.eu\/index.php\/wp-json\/wp\/v2\/posts"}],"about":[{"href":"https:\/\/usagers-transports.haut-allier.eu\/index.php\/wp-json\/wp\/v2\/types\/post"}],"author":[{"embeddable":true,"href":"https:\/\/usagers-transports.haut-allier.eu\/index.php\/wp-json\/wp\/v2\/users\/1"}],"replies":[{"embeddable":true,"href":"https:\/\/usagers-transports.haut-allier.eu\/index.php\/wp-json\/wp\/v2\/comments?post=493"}],"version-history":[{"count":0,"href":"https:\/\/usagers-transports.haut-allier.eu\/index.php\/wp-json\/wp\/v2\/posts\/493\/revisions"}],"wp:featuredmedia":[{"embeddable":true,"href":"https:\/\/usagers-transports.haut-allier.eu\/index.php\/wp-json\/wp\/v2\/media\/2431"}],"wp:attachment":[{"href":"https:\/\/usagers-transports.haut-allier.eu\/index.php\/wp-json\/wp\/v2\/media?parent=493"}],"wp:term":[{"taxonomy":"category","embeddable":true,"href":"https:\/\/usagers-transports.haut-allier.eu\/index.php\/wp-json\/wp\/v2\/categories?post=493"},{"taxonomy":"post_tag","embeddable":true,"href":"https:\/\/usagers-transports.haut-allier.eu\/index.php\/wp-json\/wp\/v2\/tags?post=493"}],"curies":[{"name":"wp","href":"https:\/\/api.w.org\/{rel}","templated":true}]}}