{"id":494,"date":"2018-07-25T07:33:09","date_gmt":"2018-07-25T05:33:09","guid":{"rendered":"http:\/\/5.45.101.177\/haut-allier\/usagers-transportse\/index.php\/2018\/07\/25\/visites-theatralisees-d494\/"},"modified":"2018-07-25T07:33:09","modified_gmt":"2018-07-25T05:33:09","slug":"visites-theatralisees-d494","status":"publish","type":"post","link":"https:\/\/usagers-transports.haut-allier.eu\/index.php\/2018\/07\/25\/visites-theatralisees-d494\/","title":{"rendered":"Visites th\u00e9\u00e2tralis\u00e9es d&rsquo;Estivareilles \u00e0 Usson en Forez : pour revivre l\u2019\u00e9pop\u00e9e ferroviaire"},"content":{"rendered":"<p>La compagnie du th\u00e9\u00e2tre de l&rsquo;Alauda du Puy en Velay propose :<br \/>\n&nbsp;<\/p>\n<p>&#8211; mardi 31 juillet \u00e0 21h<br \/>\n&#8211; mardi 7 ao\u00fbt 2018 \u00e0 21h<br \/>\n&#8211; mardi 14 ao\u00fbt 2018 \u00e0 21h<\/p>\n<p>&nbsp;<br \/>\n&#8230;\u00e0 la gare touristique du bourg d&rsquo;Estivareilles une enqu\u00eate polici\u00e8re \u00e0 bord du train. Plongez dans les ann\u00e9es 50, \u00e0 bord du train du haut Forez sur l\u2019ancienne ligne Bonson (42) &#8211; Sembadel (43) et revivez en famille ou entre amis l\u2019\u00e9pop\u00e9e ferroviaire. Glanez les indices, croisez les t\u00e9moignages au fil de ce voyage fort en rebondissements entre Estivareilles et Usson en Forez. Ne ratez pas ce RDV, Vous n\u2019auriez aucun alibi !<br \/>\n&nbsp;<br \/>\nTrame : \u00c9t\u00e9 1950, jour de l\u2019inauguration du nouvel autorail Picasso, fer de lance de la ligne Bonson-Sembadel. Cette ligne est la fiert\u00e9 du pays, \u00e0 une \u00e9poque o\u00f9 la route commence \u00e0 faire de l\u2019ombre au rail. Pour c\u00e9l\u00e9brer cet \u00e9v\u00e9nement, sont pr\u00e9sents ce jour : M. Antoine Gibert, haut responsable de la SNCF, une invit\u00e9e de marque destin\u00e9e \u00e0 faire la promotion de la ligne &#8211; Melle  Jessica Moonright, artiste parisienne reconnue &#8211; et Paulette Andr\u00e9, employ\u00e9e mod\u00e8le de la SNCF affect\u00e9e \u00e0 la gare d\u2019Estivareilles. Une belle soir\u00e9e en perspective, a priori\u2026 Car depuis plusieurs semaines, la SNCF a re\u00e7u des lettres de menace d\u2019origine inconnue\u2026<br \/>\n&nbsp;<br \/>\n<img loading=\"lazy\" decoding=\"async\" class=\" aligncenter size-full wp-image-2433\" src=\"http:\/\/5.45.101.177\/haut-allier\/usagers-transportse\/wp-content\/uploads\/2018\/07\/3439107-scaled.jpg\" alt=\"3439107.jpg\" align=\"center\" width=\"2560\" height=\"1759\" srcset=\"https:\/\/usagers-transports.haut-allier.eu\/wp-content\/uploads\/2018\/07\/3439107-scaled.jpg 2560w, https:\/\/usagers-transports.haut-allier.eu\/wp-content\/uploads\/2018\/07\/3439107-300x206.jpg 300w, https:\/\/usagers-transports.haut-allier.eu\/wp-content\/uploads\/2018\/07\/3439107-1024x704.jpg 1024w, https:\/\/usagers-transports.haut-allier.eu\/wp-content\/uploads\/2018\/07\/3439107-768x528.jpg 768w, https:\/\/usagers-transports.haut-allier.eu\/wp-content\/uploads\/2018\/07\/3439107-1536x1055.jpg 1536w, https:\/\/usagers-transports.haut-allier.eu\/wp-content\/uploads\/2018\/07\/3439107-2048x1407.jpg 2048w\" sizes=\"auto, (max-width: 2560px) 100vw, 2560px\" \/><br \/>\n&nbsp;<br \/>\nEt profitez en pour d\u00e9couvrir le train touristique du Haut Forez : Embarquez \u00e0 bord du Chemin de Fer pour un trajet entre Estivareilles et La Chaise-Dieu, voie ferr\u00e9e de 42 km construite entre 1875 et 1902&#8230; Arr\u00eats dans les gares d&rsquo;Usson-en-Forez, Craponne-sur-Arzon, Jullianges, Sembadel et la Chaise-Dieu.<br \/>\n&nbsp;<\/p>\n","protected":false},"excerpt":{"rendered":"<p>La compagnie du th\u00e9\u00e2tre de l&rsquo;Alauda du Puy en Velay propose : &nbsp; &#8211; mardi 31 juillet \u00e0<\/p>\n","protected":false},"author":1,"featured_media":2432,"comment_status":"open","ping_status":"open","sticky":false,"template":"","format":"standard","meta":{"footnotes":""},"categories":[2],"tags":[],"class_list":["post-494","post","type-post","status-publish","format-standard","has-post-thumbnail","hentry","category-infos"],"_links":{"self":[{"href":"https:\/\/usagers-transports.haut-allier.eu\/index.php\/wp-json\/wp\/v2\/posts\/494","targetHints":{"allow":["GET"]}}],"collection":[{"href":"https:\/\/usagers-transports.haut-allier.eu\/index.php\/wp-json\/wp\/v2\/posts"}],"about":[{"href":"https:\/\/usagers-transports.haut-allier.eu\/index.php\/wp-json\/wp\/v2\/types\/post"}],"author":[{"embeddable":true,"href":"https:\/\/usagers-transports.haut-allier.eu\/index.php\/wp-json\/wp\/v2\/users\/1"}],"replies":[{"embeddable":true,"href":"https:\/\/usagers-transports.haut-allier.eu\/index.php\/wp-json\/wp\/v2\/comments?post=494"}],"version-history":[{"count":0,"href":"https:\/\/usagers-transports.haut-allier.eu\/index.php\/wp-json\/wp\/v2\/posts\/494\/revisions"}],"wp:featuredmedia":[{"embeddable":true,"href":"https:\/\/usagers-transports.haut-allier.eu\/index.php\/wp-json\/wp\/v2\/media\/2432"}],"wp:attachment":[{"href":"https:\/\/usagers-transports.haut-allier.eu\/index.php\/wp-json\/wp\/v2\/media?parent=494"}],"wp:term":[{"taxonomy":"category","embeddable":true,"href":"https:\/\/usagers-transports.haut-allier.eu\/index.php\/wp-json\/wp\/v2\/categories?post=494"},{"taxonomy":"post_tag","embeddable":true,"href":"https:\/\/usagers-transports.haut-allier.eu\/index.php\/wp-json\/wp\/v2\/tags?post=494"}],"curies":[{"name":"wp","href":"https:\/\/api.w.org\/{rel}","templated":true}]}}