{"id":495,"date":"2018-07-25T10:18:33","date_gmt":"2018-07-25T08:18:33","guid":{"rendered":"http:\/\/5.45.101.177\/haut-allier\/usagers-transportse\/index.php\/2018\/07\/25\/video-pont-d-alleyras-en-haute495\/"},"modified":"2018-07-25T10:18:33","modified_gmt":"2018-07-25T08:18:33","slug":"video-pont-d-alleyras-en-haute495","status":"publish","type":"post","link":"https:\/\/usagers-transports.haut-allier.eu\/index.php\/2018\/07\/25\/video-pont-d-alleyras-en-haute495\/","title":{"rendered":"Vid\u00e9o : Pont d&rsquo;Alleyras en Haute-Loire et la ligne du train C\u00e9venol"},"content":{"rendered":"<p>Nous continuons la s\u00e9rie vid\u00e9o le long de la ligne des C\u00e9vennes, de N\u00eemes \u00e0 Clermont-Ferrand, dans les gorges sauvages du haut Allier. Voici l&rsquo;arriv\u00e9e du TER du matin (8h50) en gare d&rsquo;Alleyras au Pont d&rsquo;Alleyras. Il faudra ajouter le film d\u00e9j\u00e0 pr\u00e9sent\u00e9 sur <a href=\"http:\/\/usagers-transports.haut-allier.eu\/?les-trains-ter-auvergne-rhone,485\"><strong>le viaduc de Vabres <\/strong><\/a> (m\u00eame commune) et le film \u00e0 venir le long du barrage de Pout\u00e8s. Bon visionnage.<br \/>\n&nbsp;<br \/>\n<iframe loading=\"lazy\" width=\"560\" height=\"315\" src=\"https:\/\/www.youtube.com\/embed\/E5swtakfwoQ\" frameborder=\"0\" allow=\"autoplay; encrypted-media\" allowfullscreen><\/iframe><br \/>\n&nbsp;<\/p>\n","protected":false},"excerpt":{"rendered":"<p>Nous continuons la s\u00e9rie vid\u00e9o le long de la ligne des C\u00e9vennes, de N\u00eemes \u00e0 Clermont-Ferrand, dans les<\/p>\n","protected":false},"author":1,"featured_media":2434,"comment_status":"open","ping_status":"open","sticky":false,"template":"","format":"standard","meta":{"footnotes":""},"categories":[3],"tags":[],"class_list":["post-495","post","type-post","status-publish","format-standard","has-post-thumbnail","hentry","category-en-train"],"_links":{"self":[{"href":"https:\/\/usagers-transports.haut-allier.eu\/index.php\/wp-json\/wp\/v2\/posts\/495","targetHints":{"allow":["GET"]}}],"collection":[{"href":"https:\/\/usagers-transports.haut-allier.eu\/index.php\/wp-json\/wp\/v2\/posts"}],"about":[{"href":"https:\/\/usagers-transports.haut-allier.eu\/index.php\/wp-json\/wp\/v2\/types\/post"}],"author":[{"embeddable":true,"href":"https:\/\/usagers-transports.haut-allier.eu\/index.php\/wp-json\/wp\/v2\/users\/1"}],"replies":[{"embeddable":true,"href":"https:\/\/usagers-transports.haut-allier.eu\/index.php\/wp-json\/wp\/v2\/comments?post=495"}],"version-history":[{"count":0,"href":"https:\/\/usagers-transports.haut-allier.eu\/index.php\/wp-json\/wp\/v2\/posts\/495\/revisions"}],"wp:featuredmedia":[{"embeddable":true,"href":"https:\/\/usagers-transports.haut-allier.eu\/index.php\/wp-json\/wp\/v2\/media\/2434"}],"wp:attachment":[{"href":"https:\/\/usagers-transports.haut-allier.eu\/index.php\/wp-json\/wp\/v2\/media?parent=495"}],"wp:term":[{"taxonomy":"category","embeddable":true,"href":"https:\/\/usagers-transports.haut-allier.eu\/index.php\/wp-json\/wp\/v2\/categories?post=495"},{"taxonomy":"post_tag","embeddable":true,"href":"https:\/\/usagers-transports.haut-allier.eu\/index.php\/wp-json\/wp\/v2\/tags?post=495"}],"curies":[{"name":"wp","href":"https:\/\/api.w.org\/{rel}","templated":true}]}}