{"id":496,"date":"2018-07-27T22:44:54","date_gmt":"2018-07-27T20:44:54","guid":{"rendered":"http:\/\/5.45.101.177\/haut-allier\/usagers-transportse\/index.php\/2018\/07\/27\/hit-parade-de-l-incompetence-sncf496\/"},"modified":"2018-07-27T22:44:54","modified_gmt":"2018-07-27T20:44:54","slug":"hit-parade-de-l-incompetence-sncf496","status":"publish","type":"post","link":"https:\/\/usagers-transports.haut-allier.eu\/index.php\/2018\/07\/27\/hit-parade-de-l-incompetence-sncf496\/","title":{"rendered":"Hit-parade de l&rsquo;incomp\u00e9tence : SNCF Auvergne Rh\u00f4ne Alpes fi\u00e8rement en t\u00eate !"},"content":{"rendered":"<p>Gares d&rsquo;Alleyras, Chapeauroux, Monistrol d&rsquo;Allier et toutes les gares d\u00e9pourvues de guichets et de distributeurs de tickets : vous n&rsquo;avez plus le droit de prendre le train ni d&rsquo;acc\u00e9der aux quais, vous \u00eates en effet d&rsquo;entr\u00e9e en <strong>INFRACTION<\/strong>, et ce en totale contradiction avec la r\u00e9glementation europ\u00e9enne des transports.<br \/>\n&nbsp;<br \/>\nEn effet on le subodorait depuis longtemps et nous y voil\u00e0 : aucune possibilit\u00e9 de prendre un ticket en l&rsquo;absence dans nos gares :<br \/>\n&#8211; d&rsquo;un guichet avec agent en d\u00e9livrant,<br \/>\n&#8211; de distributeurs automatiques sur les quais,<br \/>\n&#8211; de contr\u00f4leurs \u00e0 bord des trains bient\u00f4t,<br \/>\n&#8211; de bornes d&rsquo;achats dans le train.<br \/>\n&nbsp;<br \/>\nLe collectif l&rsquo;avait il y a plusieurs ann\u00e9es d\u00e9nonc\u00e9, un panneau indiquait dans les gares : <em>Acc\u00e8s aux quais interdits aux voyageurs non munis de billets<\/em>. Dans les gares non munis de distributeurs automatiques \u00e7a la foutait mal. Ceux-ci avaient \u00e9t\u00e9 enlev\u00e9s. Le collectif r\u00e9clame \u00e9galement DEPUIS DIX ANS un distributeur automatique de billets dans les petites gares ainsi qu&rsquo;un affichage en temps r\u00e9el des d\u00e9parts et arriv\u00e9es. Et voil\u00e0 que les imb\u00e9ciles remettent \u00e7a : la SNCF r\u00e9gion Auvergne Rh\u00f4ne Alpes, toujours en pointe, vient de publier sur tous ses sites TER de r\u00e9servation et dans ses gares le r\u00e8glement \u00e9difiant :<br \/>\n&nbsp;<br \/>\n<img loading=\"lazy\" decoding=\"async\" class=\" aligncenter size-full wp-image-2436\" src=\"http:\/\/5.45.101.177\/haut-allier\/usagers-transportse\/wp-content\/uploads\/2018\/07\/photo_1.jpg\" alt=\"photo_1.jpg\" align=\"center\" width=\"800\" height=\"546\" srcset=\"https:\/\/usagers-transports.haut-allier.eu\/wp-content\/uploads\/2018\/07\/photo_1.jpg 800w, https:\/\/usagers-transports.haut-allier.eu\/wp-content\/uploads\/2018\/07\/photo_1-300x205.jpg 300w, https:\/\/usagers-transports.haut-allier.eu\/wp-content\/uploads\/2018\/07\/photo_1-768x524.jpg 768w\" sizes=\"auto, (max-width: 800px) 100vw, 800px\" \/><br \/>\n&nbsp;<br \/>\n<img loading=\"lazy\" decoding=\"async\" class=\" aligncenter size-full wp-image-2437\" src=\"http:\/\/5.45.101.177\/haut-allier\/usagers-transportse\/wp-content\/uploads\/2018\/07\/photo_2.jpg\" alt=\"photo_2.jpg\" align=\"center\" width=\"800\" height=\"559\" srcset=\"https:\/\/usagers-transports.haut-allier.eu\/wp-content\/uploads\/2018\/07\/photo_2.jpg 800w, https:\/\/usagers-transports.haut-allier.eu\/wp-content\/uploads\/2018\/07\/photo_2-300x210.jpg 300w, https:\/\/usagers-transports.haut-allier.eu\/wp-content\/uploads\/2018\/07\/photo_2-768x537.jpg 768w\" sizes=\"auto, (max-width: 800px) 100vw, 800px\" \/><br \/>\n&nbsp;<br \/>\n<img loading=\"lazy\" decoding=\"async\" class=\" aligncenter size-full wp-image-2438\" src=\"http:\/\/5.45.101.177\/haut-allier\/usagers-transportse\/wp-content\/uploads\/2018\/07\/photo_3.jpg\" alt=\"photo_3.jpg\" align=\"center\" width=\"761\" height=\"800\" srcset=\"https:\/\/usagers-transports.haut-allier.eu\/wp-content\/uploads\/2018\/07\/photo_3.jpg 761w, https:\/\/usagers-transports.haut-allier.eu\/wp-content\/uploads\/2018\/07\/photo_3-285x300.jpg 285w\" sizes=\"auto, (max-width: 761px) 100vw, 761px\" \/><br \/>\n&nbsp;<br \/>\n<img loading=\"lazy\" decoding=\"async\" class=\" aligncenter size-full wp-image-2439\" src=\"http:\/\/5.45.101.177\/haut-allier\/usagers-transportse\/wp-content\/uploads\/2018\/07\/photo_4.jpg\" alt=\"photo_4.jpg\" align=\"center\" width=\"767\" height=\"800\" srcset=\"https:\/\/usagers-transports.haut-allier.eu\/wp-content\/uploads\/2018\/07\/photo_4.jpg 767w, https:\/\/usagers-transports.haut-allier.eu\/wp-content\/uploads\/2018\/07\/photo_4-288x300.jpg 288w\" sizes=\"auto, (max-width: 767px) 100vw, 767px\" \/><br \/>\n&nbsp;<br \/>\n<strong>Si t&rsquo;as pas un smartphone et Internet t&rsquo;es un gros nul<\/strong><br \/>\n&nbsp;<br \/>\n<strong>Si tu as un smartphone et que la 3G minimum ne passe pas t&rsquo;as plus le droit de prendre le train plouc !<\/strong><br \/>\n&nbsp;<br \/>\n<strong>Si tu es une personne \u00e2g\u00e9e d\u00e9pourvue des moyens de coms \u00e0 la mode va mourir !<\/strong><br \/>\n&nbsp;<br \/>\netc.<br \/>\n&nbsp;<br \/>\n<strong>Une action d&rsquo;envergure avec alerte sur les m\u00e9dias nationaux est en cours. Les nases de Pipo SNCF \u00e7a suffit ! Les bornes sont d\u00e9pass\u00e9es depuis longtemps. Les usagers n&rsquo;en peuvent plus.<\/strong><br \/>\n&nbsp;<\/p>\n","protected":false},"excerpt":{"rendered":"<p>Gares d&rsquo;Alleyras, Chapeauroux, Monistrol d&rsquo;Allier et toutes les gares d\u00e9pourvues de guichets et de distributeurs de tickets :<\/p>\n","protected":false},"author":1,"featured_media":2435,"comment_status":"open","ping_status":"open","sticky":false,"template":"","format":"standard","meta":{"footnotes":""},"categories":[3],"tags":[],"class_list":["post-496","post","type-post","status-publish","format-standard","has-post-thumbnail","hentry","category-en-train"],"_links":{"self":[{"href":"https:\/\/usagers-transports.haut-allier.eu\/index.php\/wp-json\/wp\/v2\/posts\/496","targetHints":{"allow":["GET"]}}],"collection":[{"href":"https:\/\/usagers-transports.haut-allier.eu\/index.php\/wp-json\/wp\/v2\/posts"}],"about":[{"href":"https:\/\/usagers-transports.haut-allier.eu\/index.php\/wp-json\/wp\/v2\/types\/post"}],"author":[{"embeddable":true,"href":"https:\/\/usagers-transports.haut-allier.eu\/index.php\/wp-json\/wp\/v2\/users\/1"}],"replies":[{"embeddable":true,"href":"https:\/\/usagers-transports.haut-allier.eu\/index.php\/wp-json\/wp\/v2\/comments?post=496"}],"version-history":[{"count":0,"href":"https:\/\/usagers-transports.haut-allier.eu\/index.php\/wp-json\/wp\/v2\/posts\/496\/revisions"}],"wp:featuredmedia":[{"embeddable":true,"href":"https:\/\/usagers-transports.haut-allier.eu\/index.php\/wp-json\/wp\/v2\/media\/2435"}],"wp:attachment":[{"href":"https:\/\/usagers-transports.haut-allier.eu\/index.php\/wp-json\/wp\/v2\/media?parent=496"}],"wp:term":[{"taxonomy":"category","embeddable":true,"href":"https:\/\/usagers-transports.haut-allier.eu\/index.php\/wp-json\/wp\/v2\/categories?post=496"},{"taxonomy":"post_tag","embeddable":true,"href":"https:\/\/usagers-transports.haut-allier.eu\/index.php\/wp-json\/wp\/v2\/tags?post=496"}],"curies":[{"name":"wp","href":"https:\/\/api.w.org\/{rel}","templated":true}]}}