{"id":499,"date":"2018-08-07T08:40:07","date_gmt":"2018-08-07T06:40:07","guid":{"rendered":"http:\/\/5.45.101.177\/haut-allier\/usagers-transportse\/index.php\/2018\/08\/07\/ligne-du-train-cevenol-si-si-on499\/"},"modified":"2018-08-07T08:40:07","modified_gmt":"2018-08-07T06:40:07","slug":"ligne-du-train-cevenol-si-si-on499","status":"publish","type":"post","link":"https:\/\/usagers-transports.haut-allier.eu\/index.php\/2018\/08\/07\/ligne-du-train-cevenol-si-si-on499\/","title":{"rendered":"Ligne du train C\u00e9venol : si si on r\u00e9nove ! A Paulhaguet"},"content":{"rendered":"<p>&#8230;enfin, surtout du c\u00f4t\u00e9 de la RN 102 pour laquelle on supprime un passage \u00e0 niveau, dont le caract\u00e8re de dangerosit\u00e9 n&rsquo;est pas av\u00e9r\u00e9, pr\u00e8s de Paulhaguet, et dont la fermeture des barri\u00e8res, peu fr\u00e9quente, pas g\u00eanante, risque de bient\u00f4t cesser, faute de trains, d\u00e9sert\u00e9s.<br \/>\n&nbsp;<br \/>\nLe tout visiblement agr\u00e9ment\u00e9 d&rsquo;un crapauduc pour faire passer les batraciens de l&rsquo;autre c\u00f4t\u00e9 de la voie.<br \/>\n&nbsp;<br \/>\n<img loading=\"lazy\" decoding=\"async\" class=\" aligncenter size-full wp-image-2443\" src=\"http:\/\/5.45.101.177\/haut-allier\/usagers-transportse\/wp-content\/uploads\/2018\/08\/dsc00201.jpg\" alt=\"dsc00201.jpg\" align=\"center\" width=\"800\" height=\"450\" srcset=\"https:\/\/usagers-transports.haut-allier.eu\/wp-content\/uploads\/2018\/08\/dsc00201.jpg 800w, https:\/\/usagers-transports.haut-allier.eu\/wp-content\/uploads\/2018\/08\/dsc00201-300x169.jpg 300w, https:\/\/usagers-transports.haut-allier.eu\/wp-content\/uploads\/2018\/08\/dsc00201-768x432.jpg 768w\" sizes=\"auto, (max-width: 800px) 100vw, 800px\" \/><br \/>\n<img loading=\"lazy\" decoding=\"async\" class=\" aligncenter size-full wp-image-2444\" src=\"http:\/\/5.45.101.177\/haut-allier\/usagers-transportse\/wp-content\/uploads\/2018\/08\/dsc00200.jpg\" alt=\"dsc00200.jpg\" align=\"center\" width=\"800\" height=\"450\" srcset=\"https:\/\/usagers-transports.haut-allier.eu\/wp-content\/uploads\/2018\/08\/dsc00200.jpg 800w, https:\/\/usagers-transports.haut-allier.eu\/wp-content\/uploads\/2018\/08\/dsc00200-300x169.jpg 300w, https:\/\/usagers-transports.haut-allier.eu\/wp-content\/uploads\/2018\/08\/dsc00200-768x432.jpg 768w\" sizes=\"auto, (max-width: 800px) 100vw, 800px\" \/><br \/>\n<img loading=\"lazy\" decoding=\"async\" class=\" aligncenter size-full wp-image-2445\" src=\"http:\/\/5.45.101.177\/haut-allier\/usagers-transportse\/wp-content\/uploads\/2018\/08\/dsc00199.jpg\" alt=\"dsc00199.jpg\" align=\"center\" width=\"800\" height=\"450\" srcset=\"https:\/\/usagers-transports.haut-allier.eu\/wp-content\/uploads\/2018\/08\/dsc00199.jpg 800w, https:\/\/usagers-transports.haut-allier.eu\/wp-content\/uploads\/2018\/08\/dsc00199-300x169.jpg 300w, https:\/\/usagers-transports.haut-allier.eu\/wp-content\/uploads\/2018\/08\/dsc00199-768x432.jpg 768w\" sizes=\"auto, (max-width: 800px) 100vw, 800px\" \/><br \/>\n&nbsp;<br \/>\n<em>Images et ressenti : Jean-Louis Roche.<\/em><br \/>\n&nbsp;<\/p>\n","protected":false},"excerpt":{"rendered":"<p>&#8230;enfin, surtout du c\u00f4t\u00e9 de la RN 102 pour laquelle on supprime un passage \u00e0 niveau, dont le<\/p>\n","protected":false},"author":1,"featured_media":2442,"comment_status":"open","ping_status":"open","sticky":false,"template":"","format":"standard","meta":{"footnotes":""},"categories":[3],"tags":[],"class_list":["post-499","post","type-post","status-publish","format-standard","has-post-thumbnail","hentry","category-en-train"],"_links":{"self":[{"href":"https:\/\/usagers-transports.haut-allier.eu\/index.php\/wp-json\/wp\/v2\/posts\/499","targetHints":{"allow":["GET"]}}],"collection":[{"href":"https:\/\/usagers-transports.haut-allier.eu\/index.php\/wp-json\/wp\/v2\/posts"}],"about":[{"href":"https:\/\/usagers-transports.haut-allier.eu\/index.php\/wp-json\/wp\/v2\/types\/post"}],"author":[{"embeddable":true,"href":"https:\/\/usagers-transports.haut-allier.eu\/index.php\/wp-json\/wp\/v2\/users\/1"}],"replies":[{"embeddable":true,"href":"https:\/\/usagers-transports.haut-allier.eu\/index.php\/wp-json\/wp\/v2\/comments?post=499"}],"version-history":[{"count":0,"href":"https:\/\/usagers-transports.haut-allier.eu\/index.php\/wp-json\/wp\/v2\/posts\/499\/revisions"}],"wp:featuredmedia":[{"embeddable":true,"href":"https:\/\/usagers-transports.haut-allier.eu\/index.php\/wp-json\/wp\/v2\/media\/2442"}],"wp:attachment":[{"href":"https:\/\/usagers-transports.haut-allier.eu\/index.php\/wp-json\/wp\/v2\/media?parent=499"}],"wp:term":[{"taxonomy":"category","embeddable":true,"href":"https:\/\/usagers-transports.haut-allier.eu\/index.php\/wp-json\/wp\/v2\/categories?post=499"},{"taxonomy":"post_tag","embeddable":true,"href":"https:\/\/usagers-transports.haut-allier.eu\/index.php\/wp-json\/wp\/v2\/tags?post=499"}],"curies":[{"name":"wp","href":"https:\/\/api.w.org\/{rel}","templated":true}]}}