{"id":5,"date":"2012-03-03T22:39:35","date_gmt":"2012-03-03T21:39:35","guid":{"rendered":"http:\/\/5.45.101.177\/haut-allier\/usagers-transportse\/index.php\/2012\/03\/03\/le-train-touristique-des-gorges-de005\/"},"modified":"2012-03-03T22:39:35","modified_gmt":"2012-03-03T21:39:35","slug":"le-train-touristique-des-gorges-de005","status":"publish","type":"post","link":"https:\/\/usagers-transports.haut-allier.eu\/index.php\/2012\/03\/03\/le-train-touristique-des-gorges-de005\/","title":{"rendered":"Le Train touristique des Gorges de l&rsquo;Allier menac\u00e9 ?"},"content":{"rendered":"<p>Chaque ann\u00e9e depuis 1999, au printemps, les habitants des Gorges du Haut-Allier sont habitu\u00e9s \u00e0 voir le train touristique reprendre du service. Ce train \u00e0 l&rsquo;itin\u00e9raire surprenant permet de d\u00e9couvrir la vall\u00e9e escarp\u00e9e du Haut-Allier entre Langeac et Langogne. Il dessert entre autres Alleyras et permet une irrigation touristique non-n\u00e9gligeable tout au long de son parcours. Le SMAT du Haut-Allier (Syndicat Mixte d&rsquo;Am\u00e9nagement Touristique) est l&rsquo;organisme gestionnaire de ce train et confie son (&hellip;)<\/p>\n","protected":false},"excerpt":{"rendered":"<p>Chaque ann\u00e9e depuis 1999, au printemps, les habitants des Gorges du Haut-Allier sont habitu\u00e9s \u00e0 voir le train<\/p>\n","protected":false},"author":1,"featured_media":0,"comment_status":"closed","ping_status":"open","sticky":false,"template":"","format":"standard","meta":{"footnotes":""},"categories":[2],"tags":[],"class_list":["post-5","post","type-post","status-publish","format-standard","hentry","category-infos"],"_links":{"self":[{"href":"https:\/\/usagers-transports.haut-allier.eu\/index.php\/wp-json\/wp\/v2\/posts\/5","targetHints":{"allow":["GET"]}}],"collection":[{"href":"https:\/\/usagers-transports.haut-allier.eu\/index.php\/wp-json\/wp\/v2\/posts"}],"about":[{"href":"https:\/\/usagers-transports.haut-allier.eu\/index.php\/wp-json\/wp\/v2\/types\/post"}],"author":[{"embeddable":true,"href":"https:\/\/usagers-transports.haut-allier.eu\/index.php\/wp-json\/wp\/v2\/users\/1"}],"replies":[{"embeddable":true,"href":"https:\/\/usagers-transports.haut-allier.eu\/index.php\/wp-json\/wp\/v2\/comments?post=5"}],"version-history":[{"count":0,"href":"https:\/\/usagers-transports.haut-allier.eu\/index.php\/wp-json\/wp\/v2\/posts\/5\/revisions"}],"wp:attachment":[{"href":"https:\/\/usagers-transports.haut-allier.eu\/index.php\/wp-json\/wp\/v2\/media?parent=5"}],"wp:term":[{"taxonomy":"category","embeddable":true,"href":"https:\/\/usagers-transports.haut-allier.eu\/index.php\/wp-json\/wp\/v2\/categories?post=5"},{"taxonomy":"post_tag","embeddable":true,"href":"https:\/\/usagers-transports.haut-allier.eu\/index.php\/wp-json\/wp\/v2\/tags?post=5"}],"curies":[{"name":"wp","href":"https:\/\/api.w.org\/{rel}","templated":true}]}}