{"id":50,"date":"2013-04-29T07:13:15","date_gmt":"2013-04-29T05:13:15","guid":{"rendered":"http:\/\/5.45.101.177\/haut-allier\/usagers-transportse\/index.php\/2013\/04\/29\/vendredi-3-mai-2013-tous-mobilises050\/"},"modified":"2013-04-29T07:13:15","modified_gmt":"2013-04-29T05:13:15","slug":"vendredi-3-mai-2013-tous-mobilises050","status":"publish","type":"post","link":"https:\/\/usagers-transports.haut-allier.eu\/index.php\/2013\/04\/29\/vendredi-3-mai-2013-tous-mobilises050\/","title":{"rendered":"Vendredi 3 mai 2013 : tous mobilis\u00e9s pour les gares de la ligne des C\u00e9vennes !"},"content":{"rendered":"<p>L&rsquo;association des <a href=\"http:\/\/www.defense-promotion-cevenol.fr\">\u00e9lus pour la d\u00e9fense du C\u00c9VENOL<\/a> et de la ligne PARIS &#8211; CLERMONT-FERRAND &#8211; N\u00ceMES &#8211; MARSEILLE appelle \u00e0 manifester le vendredi 3 MAI prochain dans les gares de la ligne ferroviaire des C\u00e9vennes dont les guichets sont menac\u00e9s de fermeture le week-end d\u00e8s le mois de juin entre Brassac-les-Mines (Haute-Loire) et La Grand&rsquo; Combe (Gard) !<\/p>\n<p>[( <em> <strong>Rendez vous dans toutes les gares et par exemple :<\/p>\n<p>&#8211; \u00e0 Langogne \u00e0 15h40 heure de passage du train. <\/p>\n<p>&#8211; Ou \u00e0 Langeac \u00e0 14 heures 10,<\/p>\n<p>&#8211; Ou \u00e0 Monistrol d&rsquo;Allier \u00e0 11 heures 20,<\/p>\n<p>&#8211; Ou \u00e0 Chapeauroux \u00e0 10 heures 45.<\/p>\n<p>Non \u00e0 la fermeture des guichets le week-end !<\/p>\n<p>Exigeons le r\u00e9tablissement du C\u00e9venol jusqu&rsquo;\u00e0 Marseille !<\/p>\n<p>Exigeons la fin des ralentissements !<\/strong> [*<\/em>*]<\/p>\n<p>)]<\/p>\n<p><img loading=\"lazy\" decoding=\"async\" class=\" aligncenter size-full wp-image-1415\" src=\"http:\/\/5.45.101.177\/haut-allier\/usagers-transportse\/wp-content\/uploads\/2013\/04\/cevenol.png\" alt=\"cevenol.png\" align=\"center\" width=\"593\" height=\"800\" srcset=\"https:\/\/usagers-transports.haut-allier.eu\/wp-content\/uploads\/2013\/04\/cevenol.png 593w, https:\/\/usagers-transports.haut-allier.eu\/wp-content\/uploads\/2013\/04\/cevenol-222x300.png 222w\" sizes=\"auto, (max-width: 593px) 100vw, 593px\" \/><\/p>\n","protected":false},"excerpt":{"rendered":"<p>L&rsquo;association des \u00e9lus pour la d\u00e9fense du C\u00c9VENOL et de la ligne PARIS &#8211; CLERMONT-FERRAND &#8211; N\u00ceMES &#8211;<\/p>\n","protected":false},"author":1,"featured_media":1415,"comment_status":"closed","ping_status":"open","sticky":false,"template":"","format":"standard","meta":{"footnotes":""},"categories":[2],"tags":[],"class_list":["post-50","post","type-post","status-publish","format-standard","has-post-thumbnail","hentry","category-infos"],"_links":{"self":[{"href":"https:\/\/usagers-transports.haut-allier.eu\/index.php\/wp-json\/wp\/v2\/posts\/50","targetHints":{"allow":["GET"]}}],"collection":[{"href":"https:\/\/usagers-transports.haut-allier.eu\/index.php\/wp-json\/wp\/v2\/posts"}],"about":[{"href":"https:\/\/usagers-transports.haut-allier.eu\/index.php\/wp-json\/wp\/v2\/types\/post"}],"author":[{"embeddable":true,"href":"https:\/\/usagers-transports.haut-allier.eu\/index.php\/wp-json\/wp\/v2\/users\/1"}],"replies":[{"embeddable":true,"href":"https:\/\/usagers-transports.haut-allier.eu\/index.php\/wp-json\/wp\/v2\/comments?post=50"}],"version-history":[{"count":0,"href":"https:\/\/usagers-transports.haut-allier.eu\/index.php\/wp-json\/wp\/v2\/posts\/50\/revisions"}],"wp:featuredmedia":[{"embeddable":true,"href":"https:\/\/usagers-transports.haut-allier.eu\/index.php\/wp-json\/wp\/v2\/media\/1415"}],"wp:attachment":[{"href":"https:\/\/usagers-transports.haut-allier.eu\/index.php\/wp-json\/wp\/v2\/media?parent=50"}],"wp:term":[{"taxonomy":"category","embeddable":true,"href":"https:\/\/usagers-transports.haut-allier.eu\/index.php\/wp-json\/wp\/v2\/categories?post=50"},{"taxonomy":"post_tag","embeddable":true,"href":"https:\/\/usagers-transports.haut-allier.eu\/index.php\/wp-json\/wp\/v2\/tags?post=50"}],"curies":[{"name":"wp","href":"https:\/\/api.w.org\/{rel}","templated":true}]}}