{"id":500,"date":"2018-08-07T20:22:30","date_gmt":"2018-08-07T18:22:30","guid":{"rendered":"http:\/\/5.45.101.177\/haut-allier\/usagers-transportse\/index.php\/2018\/08\/07\/desastre-sncf-la-bouse-de-taureau500\/"},"modified":"2018-08-07T20:22:30","modified_gmt":"2018-08-07T18:22:30","slug":"desastre-sncf-la-bouse-de-taureau500","status":"publish","type":"post","link":"https:\/\/usagers-transports.haut-allier.eu\/index.php\/2018\/08\/07\/desastre-sncf-la-bouse-de-taureau500\/","title":{"rendered":"D\u00e9sastre SNCF : la bouse de taureau \u00e9touffera-t-elle Guilaume P\u00e9py ?"},"content":{"rendered":"<p>Un excellent billet \/ bilan d&rsquo;Olivier Maurice sur la pr\u00e9sidence de notre ami \u00e0 la t\u00eate des diff\u00e9rentes usines \u00e0 gaz SNCF depuis son apparition.<br \/>\n&nbsp;<br \/>\nMais r\u00e9jouissons nous en citant le chapeau de son article :<br \/>\n<em>\u00a0\u00bb  Il est devenu inutile de bl\u00e2mer Guillaume Pepy pour la gestion d\u00e9sastreuse de son entreprise : il quittera bient\u00f4t son poste. \u00ab\u00a0<\/em><br \/>\n&nbsp;<br \/>\nC&rsquo;est une grande joie pour tous ceux qui analysent et constate la situation chaque minute, heure, jour, semaine, mois&#8230; un d\u00e9sastre permanent provoqu\u00e9 par la soci\u00e9t\u00e9 dite ferroviaire \u00e0 qui l&rsquo;on a confi\u00e9 la gestion du r\u00e9seau de transports sur rail fran\u00e7ais, voyageurs et fret. En fait pour tous les citoyens qui ont eu un jour \u00e0 circuler en train ces derni\u00e8res ann\u00e9es et qui n&rsquo;ont pas encore abandonn\u00e9 ce mode de d\u00e9placement.<br \/>\n&nbsp;<br \/>\nA d\u00e9guster sur le site Contrepoints.org : <a href=\"https:\/\/www.contrepoints.org\/2018\/08\/06\/321739-sncf-guillaume-pepy-dans-la-locomotive\"><em>SNCF &#8211; y a-t-il un pilote dans la locomotive ?<\/em><\/a><br \/>\n&nbsp;<\/p>\n","protected":false},"excerpt":{"rendered":"<p>Un excellent billet \/ bilan d&rsquo;Olivier Maurice sur la pr\u00e9sidence de notre ami \u00e0 la t\u00eate des diff\u00e9rentes<\/p>\n","protected":false},"author":1,"featured_media":2446,"comment_status":"open","ping_status":"open","sticky":false,"template":"","format":"standard","meta":{"footnotes":""},"categories":[2],"tags":[],"class_list":["post-500","post","type-post","status-publish","format-standard","has-post-thumbnail","hentry","category-infos"],"_links":{"self":[{"href":"https:\/\/usagers-transports.haut-allier.eu\/index.php\/wp-json\/wp\/v2\/posts\/500","targetHints":{"allow":["GET"]}}],"collection":[{"href":"https:\/\/usagers-transports.haut-allier.eu\/index.php\/wp-json\/wp\/v2\/posts"}],"about":[{"href":"https:\/\/usagers-transports.haut-allier.eu\/index.php\/wp-json\/wp\/v2\/types\/post"}],"author":[{"embeddable":true,"href":"https:\/\/usagers-transports.haut-allier.eu\/index.php\/wp-json\/wp\/v2\/users\/1"}],"replies":[{"embeddable":true,"href":"https:\/\/usagers-transports.haut-allier.eu\/index.php\/wp-json\/wp\/v2\/comments?post=500"}],"version-history":[{"count":0,"href":"https:\/\/usagers-transports.haut-allier.eu\/index.php\/wp-json\/wp\/v2\/posts\/500\/revisions"}],"wp:featuredmedia":[{"embeddable":true,"href":"https:\/\/usagers-transports.haut-allier.eu\/index.php\/wp-json\/wp\/v2\/media\/2446"}],"wp:attachment":[{"href":"https:\/\/usagers-transports.haut-allier.eu\/index.php\/wp-json\/wp\/v2\/media?parent=500"}],"wp:term":[{"taxonomy":"category","embeddable":true,"href":"https:\/\/usagers-transports.haut-allier.eu\/index.php\/wp-json\/wp\/v2\/categories?post=500"},{"taxonomy":"post_tag","embeddable":true,"href":"https:\/\/usagers-transports.haut-allier.eu\/index.php\/wp-json\/wp\/v2\/tags?post=500"}],"curies":[{"name":"wp","href":"https:\/\/api.w.org\/{rel}","templated":true}]}}