{"id":502,"date":"2018-08-09T12:03:57","date_gmt":"2018-08-09T10:03:57","guid":{"rendered":"http:\/\/5.45.101.177\/haut-allier\/usagers-transportse\/index.php\/2018\/08\/09\/un-reseau-sncf-fragile-oui-car502\/"},"modified":"2018-08-09T12:03:57","modified_gmt":"2018-08-09T10:03:57","slug":"un-reseau-sncf-fragile-oui-car502","status":"publish","type":"post","link":"https:\/\/usagers-transports.haut-allier.eu\/index.php\/2018\/08\/09\/un-reseau-sncf-fragile-oui-car502\/","title":{"rendered":"Un r\u00e9seau SNCF fragile ? Oui, car entretenu au minima du minima"},"content":{"rendered":"<p>France 3 s&rsquo;interroge ce 8 ao\u00fbt sur l&rsquo;\u00e9tat du r\u00e9seau g\u00e9r\u00e9 par notre ami P\u00e9py : <em>\u00ab\u00a0Les feuilles mortes en automne, la neige en hiver, les feuilles mortes au printemps, la chaleur et les orages en \u00e9t\u00e9. Chaque saison, le climat et ses al\u00e9as perturbent le trafic SNCF. Le r\u00e9seau est-il suffisamment solide pour y faire face ? Le mardi 7 ao\u00fbt, en Normandie, des arbres tomb\u00e9s sur les voies ont endommag\u00e9 les cat\u00e9naires.\u00a0\u00bb<\/em> Tu m&rsquo;\u00e9tonnes Guillaume, quand on voit la v\u00e9g\u00e9tation bordant d\u00e9sormais la plupart des voies on se demandent comment la fabuleuse direction de la Communication SNCF sise \u00e0 La D\u00e9fense n&rsquo;a pas encore propos\u00e9 <strong>des voyages en brousse<\/strong>.<br \/>\n&nbsp;<br \/>\nTout ceci serait risible si cela ne faisait pas partie du quotidien depuis plusieurs ann\u00e9es maintenant.<br \/>\n&nbsp;<br \/>\n<strong>En \u00e9t\u00e9 \u00e7a se d\u00e9tend&#8230;<\/strong><br \/>\n&nbsp;<br \/>\nEt c&rsquo;est bien dommage, car l&rsquo;affluence des voyageurs se d\u00e9pla\u00e7ant pour les vacances exigerait dans tout autre pays une mobilisation technique, mat\u00e9rielle, exemplaire. Pouffons de rire : <em>\u00ab\u00a0La canicule a aussi mis les 30 000 kilom\u00e8tres de ligne a rude \u00e9preuve : avec la chaleur, le m\u00e9tal se d\u00e9tend, les cat\u00e9naires peuvent devenir l\u00e2ches et ne plus fournir d&rsquo;\u00e9lectricit\u00e9 aux trains, les rails peuvent m\u00eame se d\u00e9former. L&rsquo;impact sur le trafic est in\u00e9vitable. Reste le probl\u00e8me de v\u00e9tust\u00e9 du r\u00e9seau et des trains.\u00a0\u00bb<\/em><br \/>\n&nbsp;<br \/>\nAh bon ? La v\u00e9tust\u00e9 des trains ou le manque d&rsquo;entretien ? <strong>Le gouvernement se d\u00e9cidera-t-il enfin \u00e0 sanctionner lourdement ce responsable qui a laiss\u00e9 s&rsquo;\u00e9crouler tout le r\u00e9seau de transports par fer que la nation lui a confi\u00e9 ?<\/strong> Allez bon visionnage.<br \/>\n&nbsp;<br \/>\n<iframe loading=\"lazy\" width=\"560\" height=\"315\" src=\"\/\/embedftv-a.akamaihd.net\/c0f4b05caf4fbef346b55637b7f91f9f\" frameborder=\"0\" scrolling=\"no\" allowfullscreen><\/iframe><br \/>\n&nbsp;<\/p>\n","protected":false},"excerpt":{"rendered":"<p>France 3 s&rsquo;interroge ce 8 ao\u00fbt sur l&rsquo;\u00e9tat du r\u00e9seau g\u00e9r\u00e9 par notre ami P\u00e9py : \u00ab\u00a0Les feuilles<\/p>\n","protected":false},"author":1,"featured_media":2449,"comment_status":"open","ping_status":"open","sticky":false,"template":"","format":"standard","meta":{"footnotes":""},"categories":[2],"tags":[],"class_list":["post-502","post","type-post","status-publish","format-standard","has-post-thumbnail","hentry","category-infos"],"_links":{"self":[{"href":"https:\/\/usagers-transports.haut-allier.eu\/index.php\/wp-json\/wp\/v2\/posts\/502","targetHints":{"allow":["GET"]}}],"collection":[{"href":"https:\/\/usagers-transports.haut-allier.eu\/index.php\/wp-json\/wp\/v2\/posts"}],"about":[{"href":"https:\/\/usagers-transports.haut-allier.eu\/index.php\/wp-json\/wp\/v2\/types\/post"}],"author":[{"embeddable":true,"href":"https:\/\/usagers-transports.haut-allier.eu\/index.php\/wp-json\/wp\/v2\/users\/1"}],"replies":[{"embeddable":true,"href":"https:\/\/usagers-transports.haut-allier.eu\/index.php\/wp-json\/wp\/v2\/comments?post=502"}],"version-history":[{"count":0,"href":"https:\/\/usagers-transports.haut-allier.eu\/index.php\/wp-json\/wp\/v2\/posts\/502\/revisions"}],"wp:featuredmedia":[{"embeddable":true,"href":"https:\/\/usagers-transports.haut-allier.eu\/index.php\/wp-json\/wp\/v2\/media\/2449"}],"wp:attachment":[{"href":"https:\/\/usagers-transports.haut-allier.eu\/index.php\/wp-json\/wp\/v2\/media?parent=502"}],"wp:term":[{"taxonomy":"category","embeddable":true,"href":"https:\/\/usagers-transports.haut-allier.eu\/index.php\/wp-json\/wp\/v2\/categories?post=502"},{"taxonomy":"post_tag","embeddable":true,"href":"https:\/\/usagers-transports.haut-allier.eu\/index.php\/wp-json\/wp\/v2\/tags?post=502"}],"curies":[{"name":"wp","href":"https:\/\/api.w.org\/{rel}","templated":true}]}}