{"id":503,"date":"2018-08-12T17:10:50","date_gmt":"2018-08-12T15:10:50","guid":{"rendered":"http:\/\/5.45.101.177\/haut-allier\/usagers-transportse\/index.php\/2018\/08\/12\/souvenir-en-1942-des-collegiens-du503\/"},"modified":"2018-08-12T17:10:50","modified_gmt":"2018-08-12T15:10:50","slug":"souvenir-en-1942-des-collegiens-du503","status":"publish","type":"post","link":"https:\/\/usagers-transports.haut-allier.eu\/index.php\/2018\/08\/12\/souvenir-en-1942-des-collegiens-du503\/","title":{"rendered":"Souvenir : en 1942 des coll\u00e9giens du Chambon sur Lignon provoquent un ministre de Vichy en visite"},"content":{"rendered":"<p>Plus pr\u00e9cis\u00e9ment Georges Lamirand, secr\u00e9taire d\u02bcEtat \u00e0 la Jeunesse du gouvernement vichyste en visite officielle au Chambon. Le 10 ao\u00fbt 1942 donc, \u00e0 la sortie du temple, de jeunes \u00e9l\u00e8ves du futur coll\u00e8ge C\u00e9venol l&rsquo;invectivent et d\u00e9noncent la r\u00e9cente rafle du Vel d\u02bcHiv en l\u2019avertissant de leur d\u00e9sob\u00e9issance en cas de rafle sur le Plateau. Un acte public et fort de r\u00e9sistance civile.<br \/>\n&nbsp;<br \/>\nPour comm\u00e9morer cet acte un train sp\u00e9cial a \u00e9t\u00e9 affr\u00e9t\u00e9, le Velay Express, \u00ab\u00a0Sur les pas des passagers du train \u00e0 l\u02bc\u00e9t\u00e9 42\u00a0\u00bb.<br \/>\n&nbsp;<br \/>\nCe train, nous rappelle la Comm\u00e8re 43 <em>\u00ab\u00a0symbolise aussi le refuge de tous ces r\u00e9fugi\u00e9s, notamment juifs, cach\u00e9s dans les fermes et envoy\u00e9s en Haute-Loire gr\u00e2ce au train.\u00a0\u00bb<\/em><br \/>\n&nbsp;<br \/>\n150 passagers ont voyag\u00e9 gratuitement pour l&rsquo;\u00e9v\u00e9nement entre Chambon et Tence.<br \/>\n&nbsp;<br \/>\nA lire sur la <a href=\"https:\/\/www.lacommere43.fr\/haut-lignon\/item\/16961-le-chambon-tence-150-passagers-sur-les-traces-du-train-de-l-ete-1942.html\">Comm\u00e8re 43<\/a><br \/>\n&nbsp;<\/p>\n","protected":false},"excerpt":{"rendered":"<p>Plus pr\u00e9cis\u00e9ment Georges Lamirand, secr\u00e9taire d\u02bcEtat \u00e0 la Jeunesse du gouvernement vichyste en visite officielle au Chambon. Le<\/p>\n","protected":false},"author":1,"featured_media":2450,"comment_status":"open","ping_status":"open","sticky":false,"template":"","format":"standard","meta":{"footnotes":""},"categories":[2],"tags":[],"class_list":["post-503","post","type-post","status-publish","format-standard","has-post-thumbnail","hentry","category-infos"],"_links":{"self":[{"href":"https:\/\/usagers-transports.haut-allier.eu\/index.php\/wp-json\/wp\/v2\/posts\/503","targetHints":{"allow":["GET"]}}],"collection":[{"href":"https:\/\/usagers-transports.haut-allier.eu\/index.php\/wp-json\/wp\/v2\/posts"}],"about":[{"href":"https:\/\/usagers-transports.haut-allier.eu\/index.php\/wp-json\/wp\/v2\/types\/post"}],"author":[{"embeddable":true,"href":"https:\/\/usagers-transports.haut-allier.eu\/index.php\/wp-json\/wp\/v2\/users\/1"}],"replies":[{"embeddable":true,"href":"https:\/\/usagers-transports.haut-allier.eu\/index.php\/wp-json\/wp\/v2\/comments?post=503"}],"version-history":[{"count":0,"href":"https:\/\/usagers-transports.haut-allier.eu\/index.php\/wp-json\/wp\/v2\/posts\/503\/revisions"}],"wp:featuredmedia":[{"embeddable":true,"href":"https:\/\/usagers-transports.haut-allier.eu\/index.php\/wp-json\/wp\/v2\/media\/2450"}],"wp:attachment":[{"href":"https:\/\/usagers-transports.haut-allier.eu\/index.php\/wp-json\/wp\/v2\/media?parent=503"}],"wp:term":[{"taxonomy":"category","embeddable":true,"href":"https:\/\/usagers-transports.haut-allier.eu\/index.php\/wp-json\/wp\/v2\/categories?post=503"},{"taxonomy":"post_tag","embeddable":true,"href":"https:\/\/usagers-transports.haut-allier.eu\/index.php\/wp-json\/wp\/v2\/tags?post=503"}],"curies":[{"name":"wp","href":"https:\/\/api.w.org\/{rel}","templated":true}]}}