{"id":504,"date":"2018-08-21T17:28:28","date_gmt":"2018-08-21T15:28:28","guid":{"rendered":"http:\/\/5.45.101.177\/haut-allier\/usagers-transportse\/index.php\/2018\/08\/21\/30-septembre-2018-les-130-ans-de504\/"},"modified":"2018-08-21T17:28:28","modified_gmt":"2018-08-21T15:28:28","slug":"30-septembre-2018-les-130-ans-de504","status":"publish","type":"post","link":"https:\/\/usagers-transports.haut-allier.eu\/index.php\/2018\/08\/21\/30-septembre-2018-les-130-ans-de504\/","title":{"rendered":"30 septembre 2018 : les 130 ans de la ligne Paris B\u00e9ziers au viaduc de Garabit"},"content":{"rendered":"<p>Les <a href=\"http:\/\/www.amisgarabit.com\">Amis de Garabit<\/a> organisent le 30 septembre prochain la c\u00e9l\u00e9bration des 130 ans de la ligne ferroviaire Paris B\u00e9ziers.<br \/>\n&nbsp;<br \/>\nC\u00e9l\u00e9bration du classement Monument Historique du viaduc en septembre 2017.<br \/>\nRevivez la mise en service du viaduc en 1888 en pr\u00e9sence des descendants de Gustave Eiffel et L\u00e9on Boyer.<br \/>\nJourn\u00e9e champ\u00eatre en costumes d\u2019\u00e9poque.<br \/>\nD\u00e9jeuner 1900 orchestr\u00e9 par les Toques d\u2019Auvergne.<br \/>\nIllustration de l\u2019\u00e9v\u00e9nement par des artistes-peintres.<br \/>\nExposition r\u00e9tro &#8211; Fanfare et spectacle folklorique.<br \/>\nMarch\u00e9 de pays et animations diverses.<br \/>\nConcours de costumes et de photographies amateurs<br \/>\n&nbsp;<\/p>\n<p><strong>Programme de la journ\u00e9e :<\/strong><br \/>\n&nbsp;<br \/>\n9h00 Ouverture de la journ\u00e9e<br \/>\n10h20 Spectacle de l\u2019inauguration<br \/>\n11h45 D\u00e9jeuner<br \/>\n13h30 Spectacle folklorique et Lyre Sanfloraine<br \/>\n13h45 Passage du premier train<br \/>\n15h15 Arriv\u00e9e du 2e train et d\u00e9voilement de la plaque MH<br \/>\n16h30 R\u00e9ception des peintres et de leurs r\u00e9alisations<br \/>\n17h30 Aubade finale et fin de la journ\u00e9e<br \/>\n&nbsp;<br \/>\n<strong>Participation costum\u00e9e :<\/strong><br \/>\n&nbsp;<br \/>\nVivez pleinement l\u2019ambiance de cette journ\u00e9e en vous costumant et prenez part au concours qui d\u00e9terminera par un vote internet les plus belles r\u00e9alisations<br \/>\nindividuelles !<br \/>\n&nbsp;<br \/>\nPour se costumer, trois possibilit\u00e9s :<br \/>\n&#8211; costume personnel (fin XIXe si\u00e8cle ou auvergnat)<br \/>\n&#8211; week-end de pr\u00eat de costumes les 22 et 23 septembre 9h-16h salle polyvalente d\u2019Anglards-de-St-Flour<br \/>\n&#8211; ambiance Monet\/Renoir : jupe 3\/4 ou longue, corsage et cheveux relev\u00e9s pour les dames, pantalon clair et haut blanc pour les messieurs. Canotiers en vente en amont et le jour m\u00eame \u00e0 Garabit pour compl\u00e9ter les tenues.<br \/>\n&nbsp;<br \/>\n<img loading=\"lazy\" decoding=\"async\" class=\" aligncenter size-full wp-image-2452\" src=\"http:\/\/5.45.101.177\/haut-allier\/usagers-transportse\/wp-content\/uploads\/2018\/08\/affichegarabit.jpg\" alt=\"affichegarabit.jpg\" align=\"center\" width=\"519\" height=\"779\" srcset=\"https:\/\/usagers-transports.haut-allier.eu\/wp-content\/uploads\/2018\/08\/affichegarabit.jpg 519w, https:\/\/usagers-transports.haut-allier.eu\/wp-content\/uploads\/2018\/08\/affichegarabit-200x300.jpg 200w\" sizes=\"auto, (max-width: 519px) 100vw, 519px\" \/><br \/>\n&nbsp;<br \/>\nLe formulaire de participation :<br \/>\n&nbsp;<br \/>\n<a href=\"http:\/\/5.45.101.177\/haut-allier\/usagers-transportse\/wp-content\/uploads\/2018\/08\/depliantgarabit30septembre.pdf\">depliantgarabit30septembre.pdf<\/a><\/p>\n","protected":false},"excerpt":{"rendered":"<p>Les Amis de Garabit organisent le 30 septembre prochain la c\u00e9l\u00e9bration des 130 ans de la ligne ferroviaire<\/p>\n","protected":false},"author":1,"featured_media":2451,"comment_status":"open","ping_status":"open","sticky":false,"template":"","format":"standard","meta":{"footnotes":""},"categories":[3],"tags":[],"class_list":["post-504","post","type-post","status-publish","format-standard","has-post-thumbnail","hentry","category-en-train"],"_links":{"self":[{"href":"https:\/\/usagers-transports.haut-allier.eu\/index.php\/wp-json\/wp\/v2\/posts\/504","targetHints":{"allow":["GET"]}}],"collection":[{"href":"https:\/\/usagers-transports.haut-allier.eu\/index.php\/wp-json\/wp\/v2\/posts"}],"about":[{"href":"https:\/\/usagers-transports.haut-allier.eu\/index.php\/wp-json\/wp\/v2\/types\/post"}],"author":[{"embeddable":true,"href":"https:\/\/usagers-transports.haut-allier.eu\/index.php\/wp-json\/wp\/v2\/users\/1"}],"replies":[{"embeddable":true,"href":"https:\/\/usagers-transports.haut-allier.eu\/index.php\/wp-json\/wp\/v2\/comments?post=504"}],"version-history":[{"count":0,"href":"https:\/\/usagers-transports.haut-allier.eu\/index.php\/wp-json\/wp\/v2\/posts\/504\/revisions"}],"wp:featuredmedia":[{"embeddable":true,"href":"https:\/\/usagers-transports.haut-allier.eu\/index.php\/wp-json\/wp\/v2\/media\/2451"}],"wp:attachment":[{"href":"https:\/\/usagers-transports.haut-allier.eu\/index.php\/wp-json\/wp\/v2\/media?parent=504"}],"wp:term":[{"taxonomy":"category","embeddable":true,"href":"https:\/\/usagers-transports.haut-allier.eu\/index.php\/wp-json\/wp\/v2\/categories?post=504"},{"taxonomy":"post_tag","embeddable":true,"href":"https:\/\/usagers-transports.haut-allier.eu\/index.php\/wp-json\/wp\/v2\/tags?post=504"}],"curies":[{"name":"wp","href":"https:\/\/api.w.org\/{rel}","templated":true}]}}