{"id":505,"date":"2018-08-24T08:36:01","date_gmt":"2018-08-24T06:36:01","guid":{"rendered":"http:\/\/5.45.101.177\/haut-allier\/usagers-transportse\/index.php\/2018\/08\/24\/elisabeth-borne-au-sujet-des-gares505\/"},"modified":"2018-08-24T08:36:01","modified_gmt":"2018-08-24T06:36:01","slug":"elisabeth-borne-au-sujet-des-gares505","status":"publish","type":"post","link":"https:\/\/usagers-transports.haut-allier.eu\/index.php\/2018\/08\/24\/elisabeth-borne-au-sujet-des-gares505\/","title":{"rendered":"Elisabeth Borne au sujet des gares betteraves de Manduel et de la Mog\u00e8re : on les a, je n&rsquo;y peux rien, essayons de faire avec&#8230;"},"content":{"rendered":"<p>La ministre des transports et de la transition \u00e9cologique \u00e9tait en visite dans le Gard et l&rsquo;H\u00e9rault ce 23 ao\u00fbt. Interrog\u00e9e par France Bleu Gard Loz\u00e8re elle a r\u00e9pondu aux questions concernant les scandaleuses gares TGV de Manduel et de la Mog\u00e8re situ\u00e9es toutes deux \u00e0 plus de 10 kilom\u00e8tres des centres de Montpellier et N\u00eemes et sans voies d&rsquo;acc\u00e8s depuis les gares centres.<br \/>\n&nbsp;<br \/>\nLa pauvre ministre qui s&rsquo;\u00e9tait prononc\u00e9e contre et qui a d\u00e9clin\u00e9 l&rsquo;invitation pour l&rsquo;inauguration de la gare de la Mog\u00e8re, dite Sud de France, \u00e0 Montpellier, s&rsquo;en est tir\u00e9e par une pirouette en r\u00e9pondant que <em>\u00ab\u00a0On peut toujours d\u00e9battre (de leur utilit\u00e9), mais maintenant qu&rsquo;on les a, on est oblig\u00e9 de faire avec&#8230;\u00a0\u00bb<\/em><br \/>\n&nbsp;<br \/>\nDe l&rsquo;incapacit\u00e9 du pouvoir. Ecoutez l&rsquo;extrait audio :<br \/>\n&nbsp;<br \/>\n<a href=\"http:\/\/5.45.101.177\/haut-allier\/usagers-transportse\/wp-content\/uploads\/2018\/08\/usagers-transports-haut-allier-eu-france-bleu-gard-lozere-24-aout-2018-7h50-elisabeth-borne.mp3\">usagers-transports-haut-allier-eu-france-bleu-gard-lozere-24-aout-2018-7h50-elisabeth-borne.mp3<\/a><br \/>\n&nbsp;<\/p>\n","protected":false},"excerpt":{"rendered":"<p>La ministre des transports et de la transition \u00e9cologique \u00e9tait en visite dans le Gard et l&rsquo;H\u00e9rault ce<\/p>\n","protected":false},"author":1,"featured_media":2454,"comment_status":"open","ping_status":"open","sticky":false,"template":"","format":"standard","meta":{"footnotes":""},"categories":[3],"tags":[],"class_list":["post-505","post","type-post","status-publish","format-standard","has-post-thumbnail","hentry","category-en-train"],"_links":{"self":[{"href":"https:\/\/usagers-transports.haut-allier.eu\/index.php\/wp-json\/wp\/v2\/posts\/505","targetHints":{"allow":["GET"]}}],"collection":[{"href":"https:\/\/usagers-transports.haut-allier.eu\/index.php\/wp-json\/wp\/v2\/posts"}],"about":[{"href":"https:\/\/usagers-transports.haut-allier.eu\/index.php\/wp-json\/wp\/v2\/types\/post"}],"author":[{"embeddable":true,"href":"https:\/\/usagers-transports.haut-allier.eu\/index.php\/wp-json\/wp\/v2\/users\/1"}],"replies":[{"embeddable":true,"href":"https:\/\/usagers-transports.haut-allier.eu\/index.php\/wp-json\/wp\/v2\/comments?post=505"}],"version-history":[{"count":0,"href":"https:\/\/usagers-transports.haut-allier.eu\/index.php\/wp-json\/wp\/v2\/posts\/505\/revisions"}],"wp:featuredmedia":[{"embeddable":true,"href":"https:\/\/usagers-transports.haut-allier.eu\/index.php\/wp-json\/wp\/v2\/media\/2454"}],"wp:attachment":[{"href":"https:\/\/usagers-transports.haut-allier.eu\/index.php\/wp-json\/wp\/v2\/media?parent=505"}],"wp:term":[{"taxonomy":"category","embeddable":true,"href":"https:\/\/usagers-transports.haut-allier.eu\/index.php\/wp-json\/wp\/v2\/categories?post=505"},{"taxonomy":"post_tag","embeddable":true,"href":"https:\/\/usagers-transports.haut-allier.eu\/index.php\/wp-json\/wp\/v2\/tags?post=505"}],"curies":[{"name":"wp","href":"https:\/\/api.w.org\/{rel}","templated":true}]}}