{"id":506,"date":"2018-09-04T12:45:32","date_gmt":"2018-09-04T10:45:32","guid":{"rendered":"http:\/\/5.45.101.177\/haut-allier\/usagers-transportse\/index.php\/2018\/09\/04\/lozere-les-15-et-16-septembre-2018506\/"},"modified":"2018-09-04T12:45:32","modified_gmt":"2018-09-04T10:45:32","slug":"lozere-les-15-et-16-septembre-2018506","status":"publish","type":"post","link":"https:\/\/usagers-transports.haut-allier.eu\/index.php\/2018\/09\/04\/lozere-les-15-et-16-septembre-2018506\/","title":{"rendered":"Loz\u00e8re : les 15 et 16 septembre 2018 prenons un billet pour La Bastide !"},"content":{"rendered":"<p><strong>UN BILLET POUR LA BASTIDE<\/strong><\/p>\n<p>Deux jours pour c\u00e9l\u00e9brer la ligne du Transloz\u00e9rien dans le cadre des journ\u00e9es europ\u00e9ennes du patrimoine.<\/p>\n<p><em>Dimanche, de 10h \u00e0 17h<\/em><br \/>\n<strong>EXPOSITION \u00ab\u00a0TRAIN \u00c9LECTRIQUE, POSTE DE CONDUITE\u00a0\u00bb<\/strong><br \/>\nGare de la Bastide, La Bastide Puylaurent<\/p>\n<p>La ligne mythique du Transloz\u00e9rien est mise \u00e0 l\u2019honneur toute la journ\u00e9e avec en libre acc\u00e8s : exposition des Archives municipales de Mende, train \u00e9lectrique, trains en bois ludiques \u00e0 construire pour les enfants, poste de conduite, draisine et chariots et rencontres avec des cheminots qui partageront leurs exp\u00e9riences&#8230; pr\u00e9parez<br \/>\nvotre casquette de chef de gare pour ne pas rater le train !<\/p>\n<p><strong>Dimanche, \u00e0 partir de 10h<\/strong><br \/>\n<strong>FOCUS sur LE TRANLOZ\u00c9RIEN<\/strong><br \/>\nGare de la Bastide, La Bastide Puylaurent<\/p>\n<p>Une pr\u00e9sentation par le Pays d\u2019art et d\u2019histoire de sa nouvelle publication sur le Transloz\u00e9rien. Apr\u00e8s les ch\u00e2teaux, les moulins, les m\u00e9galithes, les arbres&#8230; place au patrimoine ferroviaire de cette ligne non \u00e9lectrifi\u00e9e, la plus haute de France, pour cette 11 \u00e8me \u00e9dition th\u00e9matique. Publication gratuite.<\/p>\n<p>Un RDV propos\u00e9 par le Pays d\u2019art et d\u2019histoire, la commune de La Bastide<br \/>\nPuylaurent avec l\u2019aide de la SNCF et de l\u2019association du site du train. Renseignements au 06 51 03 51 45.<\/p>\n<p><em>A consulter :<\/em><br \/>\nLe site web du<a href=\"http:\/\/www.train-lozerien.jimdo.com\/\"> Train Loz\u00e9rien<\/a>.<\/p>\n","protected":false},"excerpt":{"rendered":"<p>UN BILLET POUR LA BASTIDE Deux jours pour c\u00e9l\u00e9brer la ligne du Transloz\u00e9rien dans le cadre des journ\u00e9es<\/p>\n","protected":false},"author":1,"featured_media":2456,"comment_status":"open","ping_status":"open","sticky":false,"template":"","format":"standard","meta":{"footnotes":""},"categories":[2],"tags":[],"class_list":["post-506","post","type-post","status-publish","format-standard","has-post-thumbnail","hentry","category-infos"],"_links":{"self":[{"href":"https:\/\/usagers-transports.haut-allier.eu\/index.php\/wp-json\/wp\/v2\/posts\/506","targetHints":{"allow":["GET"]}}],"collection":[{"href":"https:\/\/usagers-transports.haut-allier.eu\/index.php\/wp-json\/wp\/v2\/posts"}],"about":[{"href":"https:\/\/usagers-transports.haut-allier.eu\/index.php\/wp-json\/wp\/v2\/types\/post"}],"author":[{"embeddable":true,"href":"https:\/\/usagers-transports.haut-allier.eu\/index.php\/wp-json\/wp\/v2\/users\/1"}],"replies":[{"embeddable":true,"href":"https:\/\/usagers-transports.haut-allier.eu\/index.php\/wp-json\/wp\/v2\/comments?post=506"}],"version-history":[{"count":0,"href":"https:\/\/usagers-transports.haut-allier.eu\/index.php\/wp-json\/wp\/v2\/posts\/506\/revisions"}],"wp:featuredmedia":[{"embeddable":true,"href":"https:\/\/usagers-transports.haut-allier.eu\/index.php\/wp-json\/wp\/v2\/media\/2456"}],"wp:attachment":[{"href":"https:\/\/usagers-transports.haut-allier.eu\/index.php\/wp-json\/wp\/v2\/media?parent=506"}],"wp:term":[{"taxonomy":"category","embeddable":true,"href":"https:\/\/usagers-transports.haut-allier.eu\/index.php\/wp-json\/wp\/v2\/categories?post=506"},{"taxonomy":"post_tag","embeddable":true,"href":"https:\/\/usagers-transports.haut-allier.eu\/index.php\/wp-json\/wp\/v2\/tags?post=506"}],"curies":[{"name":"wp","href":"https:\/\/api.w.org\/{rel}","templated":true}]}}