{"id":507,"date":"2018-09-11T22:41:36","date_gmt":"2018-09-11T20:41:36","guid":{"rendered":"http:\/\/5.45.101.177\/haut-allier\/usagers-transportse\/index.php\/2018\/09\/11\/nouveau-mensonge-de-guillaume-pipo507\/"},"modified":"2026-09-01T15:54:40","modified_gmt":"2026-09-01T13:54:40","slug":"nouveau-mensonge-de-guillaume-pipo507","status":"publish","type":"post","link":"https:\/\/usagers-transports.haut-allier.eu\/index.php\/2018\/09\/11\/nouveau-mensonge-de-guillaume-pipo507\/","title":{"rendered":"Nouveau mensonge de Guillaume Pipo : Je ne fermerai aucune \u00ab\u00a0petite ligne\u00a0\u00bb"},"content":{"rendered":"Le PDG de la soci\u00e9t\u00e9 dite ferroviaire n&rsquo;en est plus \u00e0 une d\u00e9claration mensong\u00e8re pr\u00e8s : devant Jean-Pierre Elkabbach et les millions de fran\u00e7ais il l&rsquo;a affirm\u00e9. C&rsquo;\u00e9tait le 7 septembre 2018 sur la chaine TV CNEWS.\n&nbsp;\n<a href=\"http:\/\/5.45.101.177\/haut-allier\/usagers-transportse\/wp-content\/uploads\/2018\/09\/pepy-le-7-septembre-2018-sur-cnews-usagers-transports-haut-allier-eu.webm\">pepy-le-7-septembre-2018-sur-cnews&#8211;usagers-transports-haut-allier-eu.webm<\/a>\n&nbsp;\nGardez bien cette d\u00e9claration solennelle, dans quelques ann\u00e9es elle vaudra de l&rsquo;or. Comme celle de d\u00e9cembre 2012 devant la commission parlementaire de l&rsquo;assembl\u00e9e nationale o\u00f9 le dirigeant menteur affirmait que : \u00ab\u00a0Oui le C\u00e9venol reviendra \u00e0 Marseille en avril 2013\u00a0\u00bb. On sait ce qu&rsquo;il en a \u00e9t\u00e9.\n&nbsp;\nAinsi le Collectif des Usagers du haut-Allier, qui n&rsquo;en croit toujours pas ses oreilles, vient d&rsquo;\u00e9crire \u00e0 Monsieur P\u00e9py pour lui demander confirmation. Il devrait pouvoir signer sans probl\u00e8me et nous retourner le document afin que nous puissions le diffuser \u00e0 l&rsquo;ensemble des habitants du haut Allier et de l&rsquo;Auvergne qui en fr\u00e9tillent d\u00e9j\u00e0 de ravissement :\n&nbsp;\n[(\n<strong> <em>Moi, soussign\u00e9 Guillaume P\u00e9py, PDG du groupe SNCF, confirme qu&rsquo;aucune fermeture de ligne ferroviaire (dites &lsquo;petites lignes&rsquo;) n&rsquo;aura lieu dans les ann\u00e9es \u00e0 venir, et notamment en Auvergne, conform\u00e9ment aux engagements pris par la SNCF au nom d&rsquo;une politique de d\u00e9veloppement durable.\n&nbsp;\nJe confirme \u00e9galement que le maintien de ces lignes passera par une exploitation ferroviaire sans substitution par autocars pour mieux prot\u00e9ger l&rsquo;environnement en r\u00e9duisant les \u00e9missions de gaz \u00e0 effet de serre.\n&nbsp;\nJe rappelle enfin mon engagement de d\u00e9cembre 2012 devant la commission parlementaire de l&rsquo;Assembl\u00e9e nationale de r\u00e9tablir le parcours du train C\u00e9venol que j&rsquo;ai tronqu\u00e9 voici plus de 6 ans, jusqu&rsquo;\u00e0 Marseille, dans les d\u00e9lais les plus rapides. <\/em> <\/strong>\n )]\n\n \n\n  \n<h2 class=\"wp-block-heading\">Documents joints<\/h2>\n\n\n\n<div class=\"wp-block-file\"><a href=\"http:\/\/5.45.101.177\/haut-allier\/usagers-transportse\/wp-content\/uploads\/2018\/09\/pepy-elkabach-cnews-7-sept-2018-usagers-transports-haut-allier-eu.mp4\">pepy-elkabach-cnews-7-sept-2018&#8211;usagers-transports-haut-allier-eu.mp4<\/a><\/div>\n\n\n","protected":false},"excerpt":{"rendered":"<p>Le PDG de la soci\u00e9t\u00e9 dite ferroviaire n&rsquo;en est plus \u00e0 une d\u00e9claration mensong\u00e8re pr\u00e8s : devant Jean-Pierre<\/p>\n","protected":false},"author":1,"featured_media":2457,"comment_status":"open","ping_status":"open","sticky":false,"template":"","format":"standard","meta":{"footnotes":""},"categories":[2],"tags":[],"class_list":["post-507","post","type-post","status-publish","format-standard","has-post-thumbnail","hentry","category-infos"],"_links":{"self":[{"href":"https:\/\/usagers-transports.haut-allier.eu\/index.php\/wp-json\/wp\/v2\/posts\/507","targetHints":{"allow":["GET"]}}],"collection":[{"href":"https:\/\/usagers-transports.haut-allier.eu\/index.php\/wp-json\/wp\/v2\/posts"}],"about":[{"href":"https:\/\/usagers-transports.haut-allier.eu\/index.php\/wp-json\/wp\/v2\/types\/post"}],"author":[{"embeddable":true,"href":"https:\/\/usagers-transports.haut-allier.eu\/index.php\/wp-json\/wp\/v2\/users\/1"}],"replies":[{"embeddable":true,"href":"https:\/\/usagers-transports.haut-allier.eu\/index.php\/wp-json\/wp\/v2\/comments?post=507"}],"version-history":[{"count":1,"href":"https:\/\/usagers-transports.haut-allier.eu\/index.php\/wp-json\/wp\/v2\/posts\/507\/revisions"}],"predecessor-version":[{"id":2460,"href":"https:\/\/usagers-transports.haut-allier.eu\/index.php\/wp-json\/wp\/v2\/posts\/507\/revisions\/2460"}],"wp:featuredmedia":[{"embeddable":true,"href":"https:\/\/usagers-transports.haut-allier.eu\/index.php\/wp-json\/wp\/v2\/media\/2457"}],"wp:attachment":[{"href":"https:\/\/usagers-transports.haut-allier.eu\/index.php\/wp-json\/wp\/v2\/media?parent=507"}],"wp:term":[{"taxonomy":"category","embeddable":true,"href":"https:\/\/usagers-transports.haut-allier.eu\/index.php\/wp-json\/wp\/v2\/categories?post=507"},{"taxonomy":"post_tag","embeddable":true,"href":"https:\/\/usagers-transports.haut-allier.eu\/index.php\/wp-json\/wp\/v2\/tags?post=507"}],"curies":[{"name":"wp","href":"https:\/\/api.w.org\/{rel}","templated":true}]}}