{"id":508,"date":"2018-09-11T22:58:01","date_gmt":"2018-09-11T20:58:01","guid":{"rendered":"http:\/\/5.45.101.177\/haut-allier\/usagers-transportse\/index.php\/2018\/09\/11\/15-septembre-2018-voyagez-pour-5508\/"},"modified":"2018-09-11T22:58:01","modified_gmt":"2018-09-11T20:58:01","slug":"15-septembre-2018-voyagez-pour-5508","status":"publish","type":"post","link":"https:\/\/usagers-transports.haut-allier.eu\/index.php\/2018\/09\/11\/15-septembre-2018-voyagez-pour-5508\/","title":{"rendered":"15 septembre 2018 : voyagez pour 5 euros sur le r\u00e9seau TER Auvergne-Rh\u00f4ne-Alpes et en PACA !"},"content":{"rendered":"<p>A l&rsquo;occasion de la journ\u00e9e du transport public la SNCF propose des billets \u00e0 tarif unique par trajet : 5 euros.<br \/>\n&nbsp;<br \/>\nIl est vrai que le r\u00e9seau auvergnat (ou ce qu&rsquo;il en reste) ne vous fera pas aller bien loin mais il s&rsquo;agit de toute la r\u00e9gion AuRA et vous pouvez faire quand m\u00eame un Alleyras Clermont, un Clermont Lyon Mont\u00e9limar, ou un Aurillac Annecy pour 5 euros chaque fois.<br \/>\n&nbsp;<br \/>\n<img loading=\"lazy\" decoding=\"async\" class=\" aligncenter size-full wp-image-2462\" src=\"http:\/\/5.45.101.177\/haut-allier\/usagers-transportse\/wp-content\/uploads\/2018\/09\/firefox_screenshot_2018-09-11t20-45-46.896z.png\" alt=\"firefox_screenshot_2018-09-11t20-45-46.896z.png\" align=\"center\" width=\"936\" height=\"462\" srcset=\"https:\/\/usagers-transports.haut-allier.eu\/wp-content\/uploads\/2018\/09\/firefox_screenshot_2018-09-11t20-45-46.896z.png 936w, https:\/\/usagers-transports.haut-allier.eu\/wp-content\/uploads\/2018\/09\/firefox_screenshot_2018-09-11t20-45-46.896z-300x148.png 300w, https:\/\/usagers-transports.haut-allier.eu\/wp-content\/uploads\/2018\/09\/firefox_screenshot_2018-09-11t20-45-46.896z-768x379.png 768w\" sizes=\"auto, (max-width: 936px) 100vw, 936px\" \/><br \/>\n&nbsp;<br \/>\nBillets \u00e0 prendre sur l&rsquo;appli SNCF ou le site Internet <a href=\"https:\/\/www.ter.sncf.com\/auvergne-rhone-alpes\/loisirs\/evenements\/journee-transport-public\"><strong>TER Rh\u00f4ne Alpes Auvergne<\/strong><\/a>.<br \/>\n&nbsp;<br \/>\n<strong>Pour PACA c&rsquo;est encore mieux :<\/strong><br \/>\n&nbsp;<br \/>\nLes 15, 16 et 19 septembre avec le :<br \/>\n&nbsp;<br \/>\n&#8211; PASS 5 \u20ac \u00ab journ\u00e9e du patrimoine \u00bb les samedi 15 et dimanche 16 septembre,<br \/>\n&#8211; PASS 5 \u20ac \u00ab TER Mobilit\u00e9 \u00bb le mercredi 19 septembre.<br \/>\n&nbsp;<br \/>\nOffre valable sur tous les TER du r\u00e9seau PACA, (non valable sur les TGV et les trains \u00e0 acc\u00e8s limit\u00e9).<br \/>\n&nbsp;<br \/>\n<strong>Attention ces PASS PACA sont disponibles uniquement aux guichets des gares et sur les distributeurs de billets r\u00e9gionaux.<\/strong><br \/>\n&nbsp;<br \/>\n<strong>Et en Occitanie ?<\/strong><br \/>\n&nbsp;<br \/>\nRien de pr\u00e9vu.<br \/>\n&nbsp;<br \/>\nEt oui esp\u00e9rons qu&rsquo;il n&rsquo;y ait aucun mouvement social des cheminots le jour de f\u00eate en question&#8230;<br \/>\n&nbsp;<\/p>\n","protected":false},"excerpt":{"rendered":"<p>A l&rsquo;occasion de la journ\u00e9e du transport public la SNCF propose des billets \u00e0 tarif unique par trajet<\/p>\n","protected":false},"author":1,"featured_media":2461,"comment_status":"open","ping_status":"open","sticky":false,"template":"","format":"standard","meta":{"footnotes":""},"categories":[2],"tags":[],"class_list":["post-508","post","type-post","status-publish","format-standard","has-post-thumbnail","hentry","category-infos"],"_links":{"self":[{"href":"https:\/\/usagers-transports.haut-allier.eu\/index.php\/wp-json\/wp\/v2\/posts\/508","targetHints":{"allow":["GET"]}}],"collection":[{"href":"https:\/\/usagers-transports.haut-allier.eu\/index.php\/wp-json\/wp\/v2\/posts"}],"about":[{"href":"https:\/\/usagers-transports.haut-allier.eu\/index.php\/wp-json\/wp\/v2\/types\/post"}],"author":[{"embeddable":true,"href":"https:\/\/usagers-transports.haut-allier.eu\/index.php\/wp-json\/wp\/v2\/users\/1"}],"replies":[{"embeddable":true,"href":"https:\/\/usagers-transports.haut-allier.eu\/index.php\/wp-json\/wp\/v2\/comments?post=508"}],"version-history":[{"count":0,"href":"https:\/\/usagers-transports.haut-allier.eu\/index.php\/wp-json\/wp\/v2\/posts\/508\/revisions"}],"wp:featuredmedia":[{"embeddable":true,"href":"https:\/\/usagers-transports.haut-allier.eu\/index.php\/wp-json\/wp\/v2\/media\/2461"}],"wp:attachment":[{"href":"https:\/\/usagers-transports.haut-allier.eu\/index.php\/wp-json\/wp\/v2\/media?parent=508"}],"wp:term":[{"taxonomy":"category","embeddable":true,"href":"https:\/\/usagers-transports.haut-allier.eu\/index.php\/wp-json\/wp\/v2\/categories?post=508"},{"taxonomy":"post_tag","embeddable":true,"href":"https:\/\/usagers-transports.haut-allier.eu\/index.php\/wp-json\/wp\/v2\/tags?post=508"}],"curies":[{"name":"wp","href":"https:\/\/api.w.org\/{rel}","templated":true}]}}