{"id":509,"date":"2018-09-20T09:29:52","date_gmt":"2018-09-20T07:29:52","guid":{"rendered":"http:\/\/5.45.101.177\/haut-allier\/usagers-transportse\/index.php\/2018\/09\/20\/les-bus-sncf-de-substitution509\/"},"modified":"2018-09-20T09:29:52","modified_gmt":"2018-09-20T07:29:52","slug":"les-bus-sncf-de-substitution509","status":"publish","type":"post","link":"https:\/\/usagers-transports.haut-allier.eu\/index.php\/2018\/09\/20\/les-bus-sncf-de-substitution509\/","title":{"rendered":"Les bus SNCF de substitution boud\u00e9s par les usagers ? Pas possible&#8230;"},"content":{"rendered":"<p>TF1 d\u00e9couvre que la politique de la SNCF et de son PDG Pipo dans les zones rurales et de montagne ne tient pas debout et vient de diffuser un reportage sur les substitutions de trains par autocars qui ne satisfont pas du tout les voyageurs. Et ce n&rsquo;est pas 30% d&rsquo;usagers qui s&rsquo;en d\u00e9tournent mais beaucoup plus comme le confirmait une autre enqu\u00eate voici deux ans : seuls 20% poursuivent leur voyage en bus.<br \/>\n&nbsp;<br \/>\nEt donc de l&rsquo;art et la mani\u00e8re pour la compagnie dite ferroviaire de s&rsquo;autosaborder.<br \/>\n&nbsp;<br \/>\nLe sujet de TF1 a \u00e9t\u00e9 tourn\u00e9 dans les Alpes, il est tr\u00e8s significatif et peut s&rsquo;appliquer \u00e0 toutes les lignes de montgne et surtout du massif central. Bon visionnage.<br \/>\n&nbsp;<br \/>\n<iframe src=\"https:\/\/www.tf1info.fr\/player\/aa3680ec-8855-4c5d-98e9-c1f75727a85e\/\" frameborder=\"0\" style=\"width: 480px; height: 270px;\"><\/iframe><br \/>\n&nbsp;  <\/p>\n","protected":false},"excerpt":{"rendered":"<p>TF1 d\u00e9couvre que la politique de la SNCF et de son PDG Pipo dans les zones rurales et<\/p>\n","protected":false},"author":1,"featured_media":2463,"comment_status":"open","ping_status":"open","sticky":false,"template":"","format":"standard","meta":{"footnotes":""},"categories":[4],"tags":[],"class_list":["post-509","post","type-post","status-publish","format-standard","has-post-thumbnail","hentry","category-en-bus"],"_links":{"self":[{"href":"https:\/\/usagers-transports.haut-allier.eu\/index.php\/wp-json\/wp\/v2\/posts\/509","targetHints":{"allow":["GET"]}}],"collection":[{"href":"https:\/\/usagers-transports.haut-allier.eu\/index.php\/wp-json\/wp\/v2\/posts"}],"about":[{"href":"https:\/\/usagers-transports.haut-allier.eu\/index.php\/wp-json\/wp\/v2\/types\/post"}],"author":[{"embeddable":true,"href":"https:\/\/usagers-transports.haut-allier.eu\/index.php\/wp-json\/wp\/v2\/users\/1"}],"replies":[{"embeddable":true,"href":"https:\/\/usagers-transports.haut-allier.eu\/index.php\/wp-json\/wp\/v2\/comments?post=509"}],"version-history":[{"count":0,"href":"https:\/\/usagers-transports.haut-allier.eu\/index.php\/wp-json\/wp\/v2\/posts\/509\/revisions"}],"wp:featuredmedia":[{"embeddable":true,"href":"https:\/\/usagers-transports.haut-allier.eu\/index.php\/wp-json\/wp\/v2\/media\/2463"}],"wp:attachment":[{"href":"https:\/\/usagers-transports.haut-allier.eu\/index.php\/wp-json\/wp\/v2\/media?parent=509"}],"wp:term":[{"taxonomy":"category","embeddable":true,"href":"https:\/\/usagers-transports.haut-allier.eu\/index.php\/wp-json\/wp\/v2\/categories?post=509"},{"taxonomy":"post_tag","embeddable":true,"href":"https:\/\/usagers-transports.haut-allier.eu\/index.php\/wp-json\/wp\/v2\/tags?post=509"}],"curies":[{"name":"wp","href":"https:\/\/api.w.org\/{rel}","templated":true}]}}