{"id":51,"date":"2013-05-15T07:15:00","date_gmt":"2013-05-15T05:15:00","guid":{"rendered":"http:\/\/5.45.101.177\/haut-allier\/usagers-transportse\/index.php\/2013\/05\/15\/petition-exigeons-un-temps-de051\/"},"modified":"2013-05-15T07:15:00","modified_gmt":"2013-05-15T05:15:00","slug":"petition-exigeons-un-temps-de051","status":"publish","type":"post","link":"https:\/\/usagers-transports.haut-allier.eu\/index.php\/2013\/05\/15\/petition-exigeons-un-temps-de051\/","title":{"rendered":"P\u00e9tition : Exigeons un temps de correspondance \u00e0 Clermont sup\u00e9rieur \u00e0 3 minutes pour le train arrivant de Paris"},"content":{"rendered":"<p><strong>Nous exigeons de la SNCF le r\u00e9tablissement d&rsquo;un temps de correspondance d\u00e9cent et sup\u00e9rieur aux 3 minutes actuelles pour le train quotidien de Paris arrivant \u00e0 Clermont \u00e0 16h36 pour les voyageurs qui poursuivent leur parcours par la ligne des C\u00e9vennes au sud.<\/strong><\/p>\n<p><strong>Cette p\u00e9tition est d\u00e9sormais regroup\u00e9e dans une <a href=\"http:\/\/usagers-transports.haut-allier.eu\/spip.php?article58\">p\u00e9tition g\u00e9n\u00e9rale<\/a>.<\/strong><\/p>\n","protected":false},"excerpt":{"rendered":"<p>Nous exigeons de la SNCF le r\u00e9tablissement d&rsquo;un temps de correspondance d\u00e9cent et sup\u00e9rieur aux 3 minutes actuelles<\/p>\n","protected":false},"author":1,"featured_media":0,"comment_status":"closed","ping_status":"open","sticky":false,"template":"","format":"standard","meta":{"footnotes":""},"categories":[2],"tags":[],"class_list":["post-51","post","type-post","status-publish","format-standard","hentry","category-infos"],"_links":{"self":[{"href":"https:\/\/usagers-transports.haut-allier.eu\/index.php\/wp-json\/wp\/v2\/posts\/51","targetHints":{"allow":["GET"]}}],"collection":[{"href":"https:\/\/usagers-transports.haut-allier.eu\/index.php\/wp-json\/wp\/v2\/posts"}],"about":[{"href":"https:\/\/usagers-transports.haut-allier.eu\/index.php\/wp-json\/wp\/v2\/types\/post"}],"author":[{"embeddable":true,"href":"https:\/\/usagers-transports.haut-allier.eu\/index.php\/wp-json\/wp\/v2\/users\/1"}],"replies":[{"embeddable":true,"href":"https:\/\/usagers-transports.haut-allier.eu\/index.php\/wp-json\/wp\/v2\/comments?post=51"}],"version-history":[{"count":0,"href":"https:\/\/usagers-transports.haut-allier.eu\/index.php\/wp-json\/wp\/v2\/posts\/51\/revisions"}],"wp:attachment":[{"href":"https:\/\/usagers-transports.haut-allier.eu\/index.php\/wp-json\/wp\/v2\/media?parent=51"}],"wp:term":[{"taxonomy":"category","embeddable":true,"href":"https:\/\/usagers-transports.haut-allier.eu\/index.php\/wp-json\/wp\/v2\/categories?post=51"},{"taxonomy":"post_tag","embeddable":true,"href":"https:\/\/usagers-transports.haut-allier.eu\/index.php\/wp-json\/wp\/v2\/tags?post=51"}],"curies":[{"name":"wp","href":"https:\/\/api.w.org\/{rel}","templated":true}]}}