{"id":510,"date":"2018-09-23T21:45:06","date_gmt":"2018-09-23T19:45:06","guid":{"rendered":"http:\/\/5.45.101.177\/haut-allier\/usagers-transportse\/index.php\/2018\/09\/23\/la-desserte-de-nuit-des-pyrenees510\/"},"modified":"2018-09-23T21:45:06","modified_gmt":"2018-09-23T19:45:06","slug":"la-desserte-de-nuit-des-pyrenees510","status":"publish","type":"post","link":"https:\/\/usagers-transports.haut-allier.eu\/index.php\/2018\/09\/23\/la-desserte-de-nuit-des-pyrenees510\/","title":{"rendered":"La desserte de nuit des Pyr\u00e9n\u00e9es catalanes et de l&rsquo;ouest du Massif central maintenue"},"content":{"rendered":"<p>La ministre des transports Elisabeth Borne a annonc\u00e9 le maintien des deux seuls trains de nuit restants en France : le Brian\u00e7on Paris dans les Alpes et le La Tour de Carol Rodez Paris. Les rames couchettes seront r\u00e9nov\u00e9es ainsi que les sanitaires et le wifi y sera install\u00e9. Les associations de l&rsquo;Aveyron qui se sont battues pour le maintien de ce train de nuit alertent n\u00e9anmoins sur la v\u00e9tust\u00e9 des locomotives, source de tout un tas de dysfonctionnements (on connaissait \u00e7a sur la ligne du C\u00e9venol jusqu&rsquo;\u00e0 il y a peu).<br \/>\n&nbsp;<br \/>\nVoici le reportage de France 3 Occitanie diffus\u00e9 le dimanche 23 septembre :<br \/>\n&nbsp;<br \/>\n<iframe loading=\"lazy\" width=\"560\" height=\"315\" src=\"\/\/embedftv-a.akamaihd.net\/6b855a6dbd966bfd287fc7ee23438350\" frameborder=\"0\" scrolling=\"no\" allowfullscreen><\/iframe><br \/>\n&nbsp; <\/p>\n","protected":false},"excerpt":{"rendered":"<p>La ministre des transports Elisabeth Borne a annonc\u00e9 le maintien des deux seuls trains de nuit restants en<\/p>\n","protected":false},"author":1,"featured_media":2464,"comment_status":"open","ping_status":"open","sticky":false,"template":"","format":"standard","meta":{"footnotes":""},"categories":[3],"tags":[],"class_list":["post-510","post","type-post","status-publish","format-standard","has-post-thumbnail","hentry","category-en-train"],"_links":{"self":[{"href":"https:\/\/usagers-transports.haut-allier.eu\/index.php\/wp-json\/wp\/v2\/posts\/510","targetHints":{"allow":["GET"]}}],"collection":[{"href":"https:\/\/usagers-transports.haut-allier.eu\/index.php\/wp-json\/wp\/v2\/posts"}],"about":[{"href":"https:\/\/usagers-transports.haut-allier.eu\/index.php\/wp-json\/wp\/v2\/types\/post"}],"author":[{"embeddable":true,"href":"https:\/\/usagers-transports.haut-allier.eu\/index.php\/wp-json\/wp\/v2\/users\/1"}],"replies":[{"embeddable":true,"href":"https:\/\/usagers-transports.haut-allier.eu\/index.php\/wp-json\/wp\/v2\/comments?post=510"}],"version-history":[{"count":0,"href":"https:\/\/usagers-transports.haut-allier.eu\/index.php\/wp-json\/wp\/v2\/posts\/510\/revisions"}],"wp:featuredmedia":[{"embeddable":true,"href":"https:\/\/usagers-transports.haut-allier.eu\/index.php\/wp-json\/wp\/v2\/media\/2464"}],"wp:attachment":[{"href":"https:\/\/usagers-transports.haut-allier.eu\/index.php\/wp-json\/wp\/v2\/media?parent=510"}],"wp:term":[{"taxonomy":"category","embeddable":true,"href":"https:\/\/usagers-transports.haut-allier.eu\/index.php\/wp-json\/wp\/v2\/categories?post=510"},{"taxonomy":"post_tag","embeddable":true,"href":"https:\/\/usagers-transports.haut-allier.eu\/index.php\/wp-json\/wp\/v2\/tags?post=510"}],"curies":[{"name":"wp","href":"https:\/\/api.w.org\/{rel}","templated":true}]}}