{"id":511,"date":"2018-09-23T22:01:12","date_gmt":"2018-09-23T20:01:12","guid":{"rendered":"http:\/\/5.45.101.177\/haut-allier\/usagers-transportse\/index.php\/2018\/09\/23\/gare-tgv-fantome-de-montpellier-le511\/"},"modified":"2018-09-23T22:01:12","modified_gmt":"2018-09-23T20:01:12","slug":"gare-tgv-fantome-de-montpellier-le511","status":"publish","type":"post","link":"https:\/\/usagers-transports.haut-allier.eu\/index.php\/2018\/09\/23\/gare-tgv-fantome-de-montpellier-le511\/","title":{"rendered":"Gare TGV fant\u00f4me de Montpellier : Le pr\u00e9sident de la m\u00e9tropole arr\u00eate les frais !"},"content":{"rendered":"<p>Non seulement la gare de la Mog\u00e8re, baptis\u00e9e <em>Sud de France<\/em> en hommage au grand visionnaire feu Georges Fr\u00eache, est ignor\u00e9e des voyageurs, car extr\u00eamement mal desservie vers le centre ville, non seulement seuls 4 trains s&rsquo;y arr\u00eatent par jour, non seulement il est impossible d&rsquo;y trouver un agent SNCF pour vous renseigner, non seulement la pr\u00e9sidente de la r\u00e9gion Occitanie Carole Delga ne veut plus payer sa part dans le projet, non seulement la presse nationale en fait ses choux gras, mais voici qu&rsquo;en plus le pr\u00e9sident de la m\u00e9tropolette, Philippe Saurel, \u00e9galement maire de l&rsquo;ex capitale de l&rsquo;ex Languedoc Roussillon, d\u00e9cide, apr\u00e8s une pique du merveilleux Guillaume Pipo affirmant que cette gare n&rsquo;\u00e9tait pas la volont\u00e9 de la SNCF, \u00ab\u00a0d&rsquo;arr\u00eater les frais\u00a0\u00bb. Ce qui pourrait signifier entre autre qu&rsquo;aucune ligne de tram n&rsquo;ira jamais \u00e0 la merveilleuse gare betterave. Et que les projets commerciaux dans la zone alentour pourraient voir un coup d&rsquo;arr\u00eat. Saurel qui a d\u00e9clar\u00e9 exactement ceci : \u00ab\u00a0Je vais arr\u00eater les frais, il est hors de question que je paie pour tous ceux qui se planquent ou mentent en permanence.\u00a0\u00bb<br \/>\n&nbsp;<br \/>\nL\u00e0 aussi un nouveau qualificatif pour le PDG de la soci\u00e9t\u00e9 dite ferroviaire. Succulent.<br \/>\n&nbsp;<br \/>\nBravo Guillaume ! Non seulement la SNCF s&rsquo;est arrang\u00e9e toute seule pour pousser ses deux projets de gares fant\u00f4mes \u00e0 N\u00eemes et Montpellier, au m\u00e9pris des \u00e9lus locaux et des habitants qui n&rsquo;en veulent pas, mais les d\u00e9clarations de son PDG aboutissent au flop total !  <\/p>\n","protected":false},"excerpt":{"rendered":"<p>Non seulement la gare de la Mog\u00e8re, baptis\u00e9e Sud de France en hommage au grand visionnaire feu Georges<\/p>\n","protected":false},"author":1,"featured_media":2465,"comment_status":"open","ping_status":"open","sticky":false,"template":"","format":"standard","meta":{"footnotes":""},"categories":[3],"tags":[],"class_list":["post-511","post","type-post","status-publish","format-standard","has-post-thumbnail","hentry","category-en-train"],"_links":{"self":[{"href":"https:\/\/usagers-transports.haut-allier.eu\/index.php\/wp-json\/wp\/v2\/posts\/511","targetHints":{"allow":["GET"]}}],"collection":[{"href":"https:\/\/usagers-transports.haut-allier.eu\/index.php\/wp-json\/wp\/v2\/posts"}],"about":[{"href":"https:\/\/usagers-transports.haut-allier.eu\/index.php\/wp-json\/wp\/v2\/types\/post"}],"author":[{"embeddable":true,"href":"https:\/\/usagers-transports.haut-allier.eu\/index.php\/wp-json\/wp\/v2\/users\/1"}],"replies":[{"embeddable":true,"href":"https:\/\/usagers-transports.haut-allier.eu\/index.php\/wp-json\/wp\/v2\/comments?post=511"}],"version-history":[{"count":0,"href":"https:\/\/usagers-transports.haut-allier.eu\/index.php\/wp-json\/wp\/v2\/posts\/511\/revisions"}],"wp:featuredmedia":[{"embeddable":true,"href":"https:\/\/usagers-transports.haut-allier.eu\/index.php\/wp-json\/wp\/v2\/media\/2465"}],"wp:attachment":[{"href":"https:\/\/usagers-transports.haut-allier.eu\/index.php\/wp-json\/wp\/v2\/media?parent=511"}],"wp:term":[{"taxonomy":"category","embeddable":true,"href":"https:\/\/usagers-transports.haut-allier.eu\/index.php\/wp-json\/wp\/v2\/categories?post=511"},{"taxonomy":"post_tag","embeddable":true,"href":"https:\/\/usagers-transports.haut-allier.eu\/index.php\/wp-json\/wp\/v2\/tags?post=511"}],"curies":[{"name":"wp","href":"https:\/\/api.w.org\/{rel}","templated":true}]}}