{"id":512,"date":"2018-10-06T06:18:58","date_gmt":"2018-10-06T04:18:58","guid":{"rendered":"http:\/\/5.45.101.177\/haut-allier\/usagers-transportse\/index.php\/2018\/10\/06\/conference-sur-l-epopee-du-chemin512\/"},"modified":"2018-10-06T06:18:58","modified_gmt":"2018-10-06T04:18:58","slug":"conference-sur-l-epopee-du-chemin512","status":"publish","type":"post","link":"https:\/\/usagers-transports.haut-allier.eu\/index.php\/2018\/10\/06\/conference-sur-l-epopee-du-chemin512\/","title":{"rendered":"Conf\u00e9rence : sur l&rsquo;\u00e9pop\u00e9e du chemin de fer transloz\u00e9rien"},"content":{"rendered":"<p>Le c\u0153ur de la Loz\u00e8re, difficile d\u2019acc\u00e8s, abritant une faible population, sans urgence ni besoins \u00e9conomiques de premier plan, bloqu\u00e9 entre deux axes tangents Sud-Nord plus propices aux installations ferroviaires, aux liaisons r\u00e9gionales et nationales, a vu le train arriver plus tardivement que partout ailleurs. Mende a \u00e9t\u00e9 la derni\u00e8re pr\u00e9fecture \u00e0 \u00eatre reli\u00e9e \u00e0 ce nouveau r\u00e9seau malgr\u00e9 les d\u00e9marches incessantes de ses \u00e9lus.<br \/>\n&nbsp;<br \/>\nCe transloz\u00e9rien, du Monastier \u00e0 La Bastide, surnomm\u00e9 \u00ab le train du toit de la France \u00bb, long de 77 kilom\u00e8tres, m\u00e9rite que son histoire, v\u00e9ritable aventure humaine et technique, soit cont\u00e9e.<br \/>\n&nbsp;<br \/>\n<strong>C\u2019est ce que nous d\u00e9couvrirons gr\u00e2ce \u00e0 Jean-Marc Chevalier lors de cette r\u00e9union le 11 d\u00e9cembre \u00e0 Mende.<\/strong><br \/>\n&nbsp;<br \/>\nOrganis\u00e9 par la Soci\u00e9t\u00e9 des lettres, sciences et arts de la Loz\u00e8re.<\/p>\n","protected":false},"excerpt":{"rendered":"<p>Le c\u0153ur de la Loz\u00e8re, difficile d\u2019acc\u00e8s, abritant une faible population, sans urgence ni besoins \u00e9conomiques de premier<\/p>\n","protected":false},"author":1,"featured_media":2466,"comment_status":"open","ping_status":"open","sticky":false,"template":"","format":"standard","meta":{"footnotes":""},"categories":[3],"tags":[],"class_list":["post-512","post","type-post","status-publish","format-standard","has-post-thumbnail","hentry","category-en-train"],"_links":{"self":[{"href":"https:\/\/usagers-transports.haut-allier.eu\/index.php\/wp-json\/wp\/v2\/posts\/512","targetHints":{"allow":["GET"]}}],"collection":[{"href":"https:\/\/usagers-transports.haut-allier.eu\/index.php\/wp-json\/wp\/v2\/posts"}],"about":[{"href":"https:\/\/usagers-transports.haut-allier.eu\/index.php\/wp-json\/wp\/v2\/types\/post"}],"author":[{"embeddable":true,"href":"https:\/\/usagers-transports.haut-allier.eu\/index.php\/wp-json\/wp\/v2\/users\/1"}],"replies":[{"embeddable":true,"href":"https:\/\/usagers-transports.haut-allier.eu\/index.php\/wp-json\/wp\/v2\/comments?post=512"}],"version-history":[{"count":0,"href":"https:\/\/usagers-transports.haut-allier.eu\/index.php\/wp-json\/wp\/v2\/posts\/512\/revisions"}],"wp:featuredmedia":[{"embeddable":true,"href":"https:\/\/usagers-transports.haut-allier.eu\/index.php\/wp-json\/wp\/v2\/media\/2466"}],"wp:attachment":[{"href":"https:\/\/usagers-transports.haut-allier.eu\/index.php\/wp-json\/wp\/v2\/media?parent=512"}],"wp:term":[{"taxonomy":"category","embeddable":true,"href":"https:\/\/usagers-transports.haut-allier.eu\/index.php\/wp-json\/wp\/v2\/categories?post=512"},{"taxonomy":"post_tag","embeddable":true,"href":"https:\/\/usagers-transports.haut-allier.eu\/index.php\/wp-json\/wp\/v2\/tags?post=512"}],"curies":[{"name":"wp","href":"https:\/\/api.w.org\/{rel}","templated":true}]}}