{"id":513,"date":"2018-10-15T07:43:29","date_gmt":"2018-10-15T05:43:29","guid":{"rendered":"http:\/\/5.45.101.177\/haut-allier\/usagers-transportse\/index.php\/2018\/10\/15\/lignes-du-train-cevenol-et-de-l513\/"},"modified":"2018-10-15T07:43:29","modified_gmt":"2018-10-15T05:43:29","slug":"lignes-du-train-cevenol-et-de-l513","status":"publish","type":"post","link":"https:\/\/usagers-transports.haut-allier.eu\/index.php\/2018\/10\/15\/lignes-du-train-cevenol-et-de-l513\/","title":{"rendered":"Lignes du train C\u00e9venol et de l&rsquo;Aubrac : Gibelin se dit rassur\u00e9"},"content":{"rendered":"<p>C&rsquo;est ce qu&rsquo;on peut lire dans Midi Libre de ce jour qui relate ainsi le vote de la commission permanente de la r\u00e9gion Occitanie qui s&rsquo;est tenue vendredi dernier \u00e0 Toulouse :<br \/>\n&nbsp;<br \/>\n<em> <strong>\u00ab\u00a0Nous avons pris acte pour le C\u00e9venol que l\u2019\u00c9tat nous reverse une quote-part qui repr\u00e9sente 80 % du financement r\u00e9el et prendra en charge le renouvellement de trois rames en juillet 2019\u00a0\u00bb<\/strong> <\/em>, se f\u00e9licite le vice-pr\u00e9sident en charge des mobilit\u00e9s, Jean-Luc Gibelin. L\u2019Occitanie continue donc de g\u00e9rer la ligne, qui roule aussi en r\u00e9gion Auvergne Rh\u00f4ne-Alpes. M. Gibelin indiquant avoir eu des \u00ab\u00a0assurances\u00a0\u00bb d\u2019Aura sur la continuit\u00e9 de la ligne et s\u2019occuper de la question de travaux.<br \/>\n&nbsp;<br \/>\nPour ce qui est de l\u2019Aubrac, <em>\u00ab\u00a0C\u2019est une ann\u00e9e de plus de gagn\u00e9e\u00a0\u00bb<\/em>, souligne M. Gibelin. L\u2019exp\u00e9rience men\u00e9e jusqu\u2019\u00e0 fin 2018 est reconduite jusqu\u2019\u00e0 fin 2019.<br \/>\n&nbsp;<br \/>\nTout l&rsquo;article ici : <a href=\"https:\/\/www.midilibre.fr\/2018\/10\/13\/trains-bonnes-nouvelles-pour-laubrac-et-le-cevenol,4730690.php\"><strong>Trains &#8211; bonnes nouvelles pour l\u2019Aubrac et le C\u00e9venol<\/strong><\/a> accompagn\u00e9 des commentaires des lecteurs de la fachosph\u00e8re ambiante.<\/p>\n","protected":false},"excerpt":{"rendered":"<p>C&rsquo;est ce qu&rsquo;on peut lire dans Midi Libre de ce jour qui relate ainsi le vote de la<\/p>\n","protected":false},"author":1,"featured_media":2467,"comment_status":"open","ping_status":"open","sticky":false,"template":"","format":"standard","meta":{"footnotes":""},"categories":[3],"tags":[],"class_list":["post-513","post","type-post","status-publish","format-standard","has-post-thumbnail","hentry","category-en-train"],"_links":{"self":[{"href":"https:\/\/usagers-transports.haut-allier.eu\/index.php\/wp-json\/wp\/v2\/posts\/513","targetHints":{"allow":["GET"]}}],"collection":[{"href":"https:\/\/usagers-transports.haut-allier.eu\/index.php\/wp-json\/wp\/v2\/posts"}],"about":[{"href":"https:\/\/usagers-transports.haut-allier.eu\/index.php\/wp-json\/wp\/v2\/types\/post"}],"author":[{"embeddable":true,"href":"https:\/\/usagers-transports.haut-allier.eu\/index.php\/wp-json\/wp\/v2\/users\/1"}],"replies":[{"embeddable":true,"href":"https:\/\/usagers-transports.haut-allier.eu\/index.php\/wp-json\/wp\/v2\/comments?post=513"}],"version-history":[{"count":0,"href":"https:\/\/usagers-transports.haut-allier.eu\/index.php\/wp-json\/wp\/v2\/posts\/513\/revisions"}],"wp:featuredmedia":[{"embeddable":true,"href":"https:\/\/usagers-transports.haut-allier.eu\/index.php\/wp-json\/wp\/v2\/media\/2467"}],"wp:attachment":[{"href":"https:\/\/usagers-transports.haut-allier.eu\/index.php\/wp-json\/wp\/v2\/media?parent=513"}],"wp:term":[{"taxonomy":"category","embeddable":true,"href":"https:\/\/usagers-transports.haut-allier.eu\/index.php\/wp-json\/wp\/v2\/categories?post=513"},{"taxonomy":"post_tag","embeddable":true,"href":"https:\/\/usagers-transports.haut-allier.eu\/index.php\/wp-json\/wp\/v2\/tags?post=513"}],"curies":[{"name":"wp","href":"https:\/\/api.w.org\/{rel}","templated":true}]}}