{"id":514,"date":"2018-10-17T08:44:25","date_gmt":"2018-10-17T06:44:25","guid":{"rendered":"http:\/\/5.45.101.177\/haut-allier\/usagers-transportse\/index.php\/2018\/10\/17\/retour-sur-les-130-ans-de-la-ligne514\/"},"modified":"2018-10-17T08:44:25","modified_gmt":"2018-10-17T06:44:25","slug":"retour-sur-les-130-ans-de-la-ligne514","status":"publish","type":"post","link":"https:\/\/usagers-transports.haut-allier.eu\/index.php\/2018\/10\/17\/retour-sur-les-130-ans-de-la-ligne514\/","title":{"rendered":"Retour sur les 130 ans de la ligne Paris B\u00e9ziers"},"content":{"rendered":"<p>Voici le compte-rendu complet \u00e9labor\u00e9 par le site du conseil d\u00e9partemental de Loz\u00e8re au sujet de la c\u00e9l\u00e9bration des 130 ans de la ligne B\u00e9ziers Paris au viaduc de Garabit le 30 septembre dernier. On y notera l&rsquo;absence remarqu\u00e9e de la vice-pr\u00e9sidente charg\u00e9e des transports de la r\u00e9gion Auvergne Rh\u00f4ne Alpes dont le Cantal fait partie. Ceci en dit long sur les intentions de Monsieur Wauquiez son pr\u00e9sident.<br \/>\n&nbsp;<br \/>\n<em>[image Descendants d&rsquo;Effeil]<\/em><br \/>\n<img loading=\"lazy\" decoding=\"async\" class=\" aligncenter size-full wp-image-2469\" src=\"http:\/\/5.45.101.177\/haut-allier\/usagers-transportse\/wp-content\/uploads\/2018\/10\/20181001_050448_web.jpg\" alt=\"20181001_050448_web.jpg\" align=\"center\" width=\"1200\" height=\"809\" srcset=\"https:\/\/usagers-transports.haut-allier.eu\/wp-content\/uploads\/2018\/10\/20181001_050448_web.jpg 1200w, https:\/\/usagers-transports.haut-allier.eu\/wp-content\/uploads\/2018\/10\/20181001_050448_web-300x202.jpg 300w, https:\/\/usagers-transports.haut-allier.eu\/wp-content\/uploads\/2018\/10\/20181001_050448_web-1024x690.jpg 1024w, https:\/\/usagers-transports.haut-allier.eu\/wp-content\/uploads\/2018\/10\/20181001_050448_web-768x518.jpg 768w\" sizes=\"auto, (max-width: 1200px) 100vw, 1200px\" \/><br \/>\n&nbsp;<br \/>\n<em>[image JL Roche]<\/em><br \/>\n<img loading=\"lazy\" decoding=\"async\" class=\" aligncenter size-full wp-image-2470\" src=\"http:\/\/5.45.101.177\/haut-allier\/usagers-transportse\/wp-content\/uploads\/2018\/10\/dsc09312.jpg\" alt=\"dsc09312.jpg\" align=\"center\" width=\"640\" height=\"360\" srcset=\"https:\/\/usagers-transports.haut-allier.eu\/wp-content\/uploads\/2018\/10\/dsc09312.jpg 640w, https:\/\/usagers-transports.haut-allier.eu\/wp-content\/uploads\/2018\/10\/dsc09312-300x169.jpg 300w\" sizes=\"auto, (max-width: 640px) 100vw, 640px\" \/><br \/>\n&nbsp;<br \/>\nA lire sur : le site <a href=\"http:\/\/lozere.fr\/actualites\/1539590287-retour-sur-les-130-ans-de-la-ligne-paris-beziers.html\"><strong>Loz\u00e8re.fr<\/strong><\/a><br \/>\n&nbsp;<br \/>\n<em>[logo de l&rsquo;article : Gilbert Soulet]<\/em><\/p>\n","protected":false},"excerpt":{"rendered":"<p>Voici le compte-rendu complet \u00e9labor\u00e9 par le site du conseil d\u00e9partemental de Loz\u00e8re au sujet de la c\u00e9l\u00e9bration<\/p>\n","protected":false},"author":1,"featured_media":2468,"comment_status":"open","ping_status":"open","sticky":false,"template":"","format":"standard","meta":{"footnotes":""},"categories":[3],"tags":[],"class_list":["post-514","post","type-post","status-publish","format-standard","has-post-thumbnail","hentry","category-en-train"],"_links":{"self":[{"href":"https:\/\/usagers-transports.haut-allier.eu\/index.php\/wp-json\/wp\/v2\/posts\/514","targetHints":{"allow":["GET"]}}],"collection":[{"href":"https:\/\/usagers-transports.haut-allier.eu\/index.php\/wp-json\/wp\/v2\/posts"}],"about":[{"href":"https:\/\/usagers-transports.haut-allier.eu\/index.php\/wp-json\/wp\/v2\/types\/post"}],"author":[{"embeddable":true,"href":"https:\/\/usagers-transports.haut-allier.eu\/index.php\/wp-json\/wp\/v2\/users\/1"}],"replies":[{"embeddable":true,"href":"https:\/\/usagers-transports.haut-allier.eu\/index.php\/wp-json\/wp\/v2\/comments?post=514"}],"version-history":[{"count":0,"href":"https:\/\/usagers-transports.haut-allier.eu\/index.php\/wp-json\/wp\/v2\/posts\/514\/revisions"}],"wp:featuredmedia":[{"embeddable":true,"href":"https:\/\/usagers-transports.haut-allier.eu\/index.php\/wp-json\/wp\/v2\/media\/2468"}],"wp:attachment":[{"href":"https:\/\/usagers-transports.haut-allier.eu\/index.php\/wp-json\/wp\/v2\/media?parent=514"}],"wp:term":[{"taxonomy":"category","embeddable":true,"href":"https:\/\/usagers-transports.haut-allier.eu\/index.php\/wp-json\/wp\/v2\/categories?post=514"},{"taxonomy":"post_tag","embeddable":true,"href":"https:\/\/usagers-transports.haut-allier.eu\/index.php\/wp-json\/wp\/v2\/tags?post=514"}],"curies":[{"name":"wp","href":"https:\/\/api.w.org\/{rel}","templated":true}]}}