{"id":515,"date":"2018-10-17T21:49:36","date_gmt":"2018-10-17T19:49:36","guid":{"rendered":"http:\/\/5.45.101.177\/haut-allier\/usagers-transportse\/index.php\/2018\/10\/17\/un-camion-pizza-non-les-nouvelles515\/"},"modified":"2018-10-17T21:49:36","modified_gmt":"2018-10-17T19:49:36","slug":"un-camion-pizza-non-les-nouvelles515","status":"publish","type":"post","link":"https:\/\/usagers-transports.haut-allier.eu\/index.php\/2018\/10\/17\/un-camion-pizza-non-les-nouvelles515\/","title":{"rendered":"Un camion pizza ? Non, les nouvelles gares SNCF !"},"content":{"rendered":"<p>Toujours en pointe dans le service aux usagers la soci\u00e9t\u00e9 dite ferroviaire qui ferme \u00e0 tour de bras gares et guichets partout en France vient d&rsquo;inventer le nouveau concept qui tue : le camion pizza \/ gare.<br \/>\n&nbsp;<br \/>\nC&rsquo;est justement le site de nos amis de <strong>SNCFvamtuer<\/strong> \u00e0 Paris qui a fait <a href=\"https:\/\/sncfvamtuer.wordpress.com\/\"><strong>l&rsquo;article qui va bien<\/strong><\/a> sur le sujet. Qu&rsquo;ils en soient remerci\u00e9s.<br \/>\n&nbsp;<br \/>\n<img loading=\"lazy\" decoding=\"async\" class=\" aligncenter size-full wp-image-2472\" src=\"http:\/\/5.45.101.177\/haut-allier\/usagers-transportse\/wp-content\/uploads\/2018\/10\/com-com-052017-1-gare-mobile-1000x282.jpg\" alt=\"com-com-052017-1-gare-mobile-1000x282.jpg\" align=\"center\" width=\"1000\" height=\"282\" srcset=\"https:\/\/usagers-transports.haut-allier.eu\/wp-content\/uploads\/2018\/10\/com-com-052017-1-gare-mobile-1000x282.jpg 1000w, https:\/\/usagers-transports.haut-allier.eu\/wp-content\/uploads\/2018\/10\/com-com-052017-1-gare-mobile-1000x282-300x85.jpg 300w, https:\/\/usagers-transports.haut-allier.eu\/wp-content\/uploads\/2018\/10\/com-com-052017-1-gare-mobile-1000x282-768x217.jpg 768w\" sizes=\"auto, (max-width: 1000px) 100vw, 1000px\" \/><br \/>\n&nbsp;<br \/>\nAvec ou sans ketchup ?<br \/>\n&nbsp;<\/p>\n","protected":false},"excerpt":{"rendered":"<p>Toujours en pointe dans le service aux usagers la soci\u00e9t\u00e9 dite ferroviaire qui ferme \u00e0 tour de bras<\/p>\n","protected":false},"author":1,"featured_media":2471,"comment_status":"open","ping_status":"open","sticky":false,"template":"","format":"standard","meta":{"footnotes":""},"categories":[3],"tags":[],"class_list":["post-515","post","type-post","status-publish","format-standard","has-post-thumbnail","hentry","category-en-train"],"_links":{"self":[{"href":"https:\/\/usagers-transports.haut-allier.eu\/index.php\/wp-json\/wp\/v2\/posts\/515","targetHints":{"allow":["GET"]}}],"collection":[{"href":"https:\/\/usagers-transports.haut-allier.eu\/index.php\/wp-json\/wp\/v2\/posts"}],"about":[{"href":"https:\/\/usagers-transports.haut-allier.eu\/index.php\/wp-json\/wp\/v2\/types\/post"}],"author":[{"embeddable":true,"href":"https:\/\/usagers-transports.haut-allier.eu\/index.php\/wp-json\/wp\/v2\/users\/1"}],"replies":[{"embeddable":true,"href":"https:\/\/usagers-transports.haut-allier.eu\/index.php\/wp-json\/wp\/v2\/comments?post=515"}],"version-history":[{"count":0,"href":"https:\/\/usagers-transports.haut-allier.eu\/index.php\/wp-json\/wp\/v2\/posts\/515\/revisions"}],"wp:featuredmedia":[{"embeddable":true,"href":"https:\/\/usagers-transports.haut-allier.eu\/index.php\/wp-json\/wp\/v2\/media\/2471"}],"wp:attachment":[{"href":"https:\/\/usagers-transports.haut-allier.eu\/index.php\/wp-json\/wp\/v2\/media?parent=515"}],"wp:term":[{"taxonomy":"category","embeddable":true,"href":"https:\/\/usagers-transports.haut-allier.eu\/index.php\/wp-json\/wp\/v2\/categories?post=515"},{"taxonomy":"post_tag","embeddable":true,"href":"https:\/\/usagers-transports.haut-allier.eu\/index.php\/wp-json\/wp\/v2\/tags?post=515"}],"curies":[{"name":"wp","href":"https:\/\/api.w.org\/{rel}","templated":true}]}}