{"id":517,"date":"2018-10-20T08:11:12","date_gmt":"2018-10-20T06:11:12","guid":{"rendered":"http:\/\/5.45.101.177\/haut-allier\/usagers-transportse\/index.php\/2018\/10\/20\/c-est-quoi-le-desherbant-utilise517\/"},"modified":"2018-10-20T08:11:12","modified_gmt":"2018-10-20T06:11:12","slug":"c-est-quoi-le-desherbant-utilise517","status":"publish","type":"post","link":"https:\/\/usagers-transports.haut-allier.eu\/index.php\/2018\/10\/20\/c-est-quoi-le-desherbant-utilise517\/","title":{"rendered":"C&rsquo;est quoi le d\u00e9sherbant utilis\u00e9 sur les voies par la SNCF ?"},"content":{"rendered":"<p>Ce secret jalousement gard\u00e9 par la soci\u00e9t\u00e9 dite ferroviaire pour ne pas affoler les populations, et bien c&rsquo;est&#8230; du Glyphosate ! Produit qu&rsquo;elle r\u00e9pand \u00e0 foison sur toutes les voies du pays et m\u00eame \u00e0 c\u00f4t\u00e9.<br \/>\n&nbsp;<br \/>\n95.000 hectares de surface \u00e0 traiter, soit 17 000 exploitations agricoles. D\u00e9sherber lui co\u00fbte 30 millions d&rsquo;euros par an. Si le glyphosate lui \u00e9tait interdit, le co\u00fbt passerait dit-elle \u00e0 plusieurs centaines de millions.<br \/>\n&nbsp;<br \/>\n<strong>L&rsquo;interdiction sans cesse repouss\u00e9e<\/strong><br \/>\n&nbsp;<br \/>\nLe d\u00e9sherbant de l&rsquo;ex Monsento devrait enfin \u00eatre interdit aux agriculteurs et aux jardiniers, mais on ne sait pas trop quand, le nouveau ministre de l&rsquo;\u00e9cologie Didier Guillaume assure que ce sera avant la fin du septennat. Une interdiction qui aurait du \u00eatre inscrite dans la nouvelle loi sur l&rsquo;alimentation mais qui ne l&rsquo;a pas \u00e9t\u00e9 suite au niet de Macron et \u00e0 la pression des lobbies chimiques et de la FNSEA.<br \/>\n&nbsp;<br \/>\nLa SNCF est en train de tester d&rsquo;autres solutions depuis deux ans : des d\u00e9sherbants naturels, des robots envoy\u00e9s sur les voies pour couper l&rsquo;herbe ou la pose de textile sur les voies afin d&#8217;emp\u00eacher les mauvaises herbes de pousser. La proposition r\u00e9cente du pr\u00e9sident de SNCF R\u00e9seau pour les \u00ab\u00a0petites lignes\u00a0\u00bb de goudronner les voies peut aller aussi dans ce sens.<br \/>\n&nbsp;<br \/>\nMais qu&rsquo;on ne s&rsquo;inqui\u00e8te pas pour le gestionnaire du r\u00e9seau ferr\u00e9 en France le ministre pr\u00e9voit d\u00e9j\u00e0 pour son interdiction des d\u00e9rogations <em>\u00ab\u00a0pour les entreprises qui n&rsquo;auraient pas d&rsquo;autre solution\u00a0\u00bb<\/em>. Gageons que la SNCF pourra toujours empoisonner l&rsquo;environnement sans crainte.<br \/>\n&nbsp;<br \/>\n<img loading=\"lazy\" decoding=\"async\" class=\" aligncenter size-full wp-image-2475\" src=\"http:\/\/5.45.101.177\/haut-allier\/usagers-transportse\/wp-content\/uploads\/2018\/10\/ob_6b1a9a_arton10112.jpg\" alt=\"ob_6b1a9a_arton10112.jpg\" align=\"center\" width=\"633\" height=\"276\" srcset=\"https:\/\/usagers-transports.haut-allier.eu\/wp-content\/uploads\/2018\/10\/ob_6b1a9a_arton10112.jpg 633w, https:\/\/usagers-transports.haut-allier.eu\/wp-content\/uploads\/2018\/10\/ob_6b1a9a_arton10112-300x131.jpg 300w\" sizes=\"auto, (max-width: 633px) 100vw, 633px\" \/><br \/>\n&nbsp;<br \/>\n<strong>Des plaintes ont \u00e9t\u00e9 d\u00e9pos\u00e9es en Normandie<\/strong><br \/>\n&nbsp;<br \/>\nSNCF R\u00e9seau, direction territoriale Normandie, a proc\u00e9d\u00e9 \u00e0 des op\u00e9rations d&rsquo;\u00e9pandage de d\u00e9sherbants en juin 2016 pour l&rsquo;entretien des voies ferr\u00e9es.<br \/>\n&nbsp;<br \/>\nA la suite de ces op\u00e9rations, sur la ligne Caen \u2013 Rennes, il a \u00e9t\u00e9 constat\u00e9 que la v\u00e9g\u00e9tation aux abords des voies \u00e9tait totalement grill\u00e9e parfois sur une hauteur de 4 \u00e0 5 m\u00e8tres. Sur certains secteurs, des cours d&rsquo;eau sont pr\u00e9sents. Or, l&rsquo;aspect de la v\u00e9g\u00e9tation \u00e0 ces endroits montre que les d\u00e9sherbants ont \u00e9t\u00e9 pulv\u00e9ris\u00e9s \u00e0 moins de 5 m\u00e8tres de ces cours d&rsquo;eau, ce qui est interdit.<br \/>\n&nbsp;<br \/>\nLe traitement a \u00e9galement touch\u00e9 les propri\u00e9t\u00e9s voisines puisqu&rsquo;il a \u00e9t\u00e9 constat\u00e9 une destruction de la v\u00e9g\u00e9tation sur ces propri\u00e9t\u00e9s.<br \/>\n&nbsp;<br \/>\nL&rsquo;association environnementale Manche-Nature a port\u00e9 plainte contre l&rsquo;entreprise. Pr\u00e9cisions ici : <a href=\"https:\/\/www.helloasso.com\/associations\/manche-nature\/collectes\/utilisation-dangereuse-de-pesticides-par-la-sncf-tous-concernes-tous-mobilises\">Pollution par les pesticides &#8211; la SNCF doit r\u00e9pondre de ses actes !<\/a>.<\/p>\n","protected":false},"excerpt":{"rendered":"<p>Ce secret jalousement gard\u00e9 par la soci\u00e9t\u00e9 dite ferroviaire pour ne pas affoler les populations, et bien c&rsquo;est&#8230;<\/p>\n","protected":false},"author":1,"featured_media":2474,"comment_status":"open","ping_status":"open","sticky":false,"template":"","format":"standard","meta":{"footnotes":""},"categories":[3],"tags":[],"class_list":["post-517","post","type-post","status-publish","format-standard","has-post-thumbnail","hentry","category-en-train"],"_links":{"self":[{"href":"https:\/\/usagers-transports.haut-allier.eu\/index.php\/wp-json\/wp\/v2\/posts\/517","targetHints":{"allow":["GET"]}}],"collection":[{"href":"https:\/\/usagers-transports.haut-allier.eu\/index.php\/wp-json\/wp\/v2\/posts"}],"about":[{"href":"https:\/\/usagers-transports.haut-allier.eu\/index.php\/wp-json\/wp\/v2\/types\/post"}],"author":[{"embeddable":true,"href":"https:\/\/usagers-transports.haut-allier.eu\/index.php\/wp-json\/wp\/v2\/users\/1"}],"replies":[{"embeddable":true,"href":"https:\/\/usagers-transports.haut-allier.eu\/index.php\/wp-json\/wp\/v2\/comments?post=517"}],"version-history":[{"count":0,"href":"https:\/\/usagers-transports.haut-allier.eu\/index.php\/wp-json\/wp\/v2\/posts\/517\/revisions"}],"wp:featuredmedia":[{"embeddable":true,"href":"https:\/\/usagers-transports.haut-allier.eu\/index.php\/wp-json\/wp\/v2\/media\/2474"}],"wp:attachment":[{"href":"https:\/\/usagers-transports.haut-allier.eu\/index.php\/wp-json\/wp\/v2\/media?parent=517"}],"wp:term":[{"taxonomy":"category","embeddable":true,"href":"https:\/\/usagers-transports.haut-allier.eu\/index.php\/wp-json\/wp\/v2\/categories?post=517"},{"taxonomy":"post_tag","embeddable":true,"href":"https:\/\/usagers-transports.haut-allier.eu\/index.php\/wp-json\/wp\/v2\/tags?post=517"}],"curies":[{"name":"wp","href":"https:\/\/api.w.org\/{rel}","templated":true}]}}