{"id":519,"date":"2018-10-23T19:45:58","date_gmt":"2018-10-23T17:45:58","guid":{"rendered":"http:\/\/5.45.101.177\/haut-allier\/usagers-transportse\/index.php\/2018\/10\/23\/gare-d-alleyras-nouvel-eclairage-a519\/"},"modified":"2018-10-23T19:45:58","modified_gmt":"2018-10-23T17:45:58","slug":"gare-d-alleyras-nouvel-eclairage-a519","status":"publish","type":"post","link":"https:\/\/usagers-transports.haut-allier.eu\/index.php\/2018\/10\/23\/gare-d-alleyras-nouvel-eclairage-a519\/","title":{"rendered":"Gare d&rsquo;Alleyras : nouvel \u00e9clairage \u00e0 LEDs"},"content":{"rendered":"<p>Il aura fallu attendre presque dix ans depuis notre demande \u00e0 la SNCF pour que cette derni\u00e8re veuille bien changer l&rsquo;\u00e9clairage. C&rsquo;est fait et encore en partie puisque seules les t\u00eates de lampadaires ont \u00e9t\u00e9 remplac\u00e9es, les m\u00e2ts restant en \u00e9tat c&rsquo;est-\u00e0-dire les affreux IPN d&rsquo;avant guerre tous rouill\u00e9s.<br \/>\n&nbsp;<br \/>\n<img loading=\"lazy\" decoding=\"async\" class=\" aligncenter size-full wp-image-2478\" src=\"http:\/\/5.45.101.177\/haut-allier\/usagers-transportse\/wp-content\/uploads\/2018\/10\/p_20181023_184501.jpg\" alt=\"p_20181023_184501.jpg\" align=\"center\" width=\"800\" height=\"591\" srcset=\"https:\/\/usagers-transports.haut-allier.eu\/wp-content\/uploads\/2018\/10\/p_20181023_184501.jpg 800w, https:\/\/usagers-transports.haut-allier.eu\/wp-content\/uploads\/2018\/10\/p_20181023_184501-300x222.jpg 300w, https:\/\/usagers-transports.haut-allier.eu\/wp-content\/uploads\/2018\/10\/p_20181023_184501-768x567.jpg 768w\" sizes=\"auto, (max-width: 800px) 100vw, 800px\" \/><br \/>\n&nbsp;<br \/>\nCe nouvel \u00e9clairage rivalise presque avec celui de \u00ab\u00a0l&rsquo;avenue\u00a0\u00bb de la gare qui vient d&rsquo;\u00eatre refaite par la commune \u00e9quip\u00e9e elle, de beaux lampadaires \u00e0 LEDs du plus bel effet.<br \/>\n&nbsp;<br \/>\n<img loading=\"lazy\" decoding=\"async\" class=\" aligncenter size-full wp-image-2479\" src=\"http:\/\/5.45.101.177\/haut-allier\/usagers-transportse\/wp-content\/uploads\/2018\/10\/p_20181023_184708.jpg\" alt=\"p_20181023_184708.jpg\" align=\"center\" width=\"788\" height=\"523\" srcset=\"https:\/\/usagers-transports.haut-allier.eu\/wp-content\/uploads\/2018\/10\/p_20181023_184708.jpg 788w, https:\/\/usagers-transports.haut-allier.eu\/wp-content\/uploads\/2018\/10\/p_20181023_184708-300x199.jpg 300w, https:\/\/usagers-transports.haut-allier.eu\/wp-content\/uploads\/2018\/10\/p_20181023_184708-768x510.jpg 768w\" sizes=\"auto, (max-width: 788px) 100vw, 788px\" \/><br \/>\n&nbsp;<br \/>\nIl ne reste plus qu&rsquo;\u00e0 refaire les quais, refaire l&rsquo;acc\u00e8s y compris pour les handicap\u00e9s, \u00e9quiper la halte d&rsquo;un t\u00e9l\u00e9phone digne de notre \u00e9poque et non d&rsquo;un cornet de 1850, et doter l&rsquo;arr\u00eat d&rsquo;un bel affichage d&rsquo;information en temps r\u00e9el des trains avec les retards etc&#8230;  Et puis attendre 2019 pour voir s&rsquo;arr\u00eater les nouveaux trains R\u00e9giolis d&rsquo;Alsthom.<br \/>\n&nbsp;<\/p>\n","protected":false},"excerpt":{"rendered":"<p>Il aura fallu attendre presque dix ans depuis notre demande \u00e0 la SNCF pour que cette derni\u00e8re veuille<\/p>\n","protected":false},"author":1,"featured_media":2477,"comment_status":"open","ping_status":"open","sticky":false,"template":"","format":"standard","meta":{"footnotes":""},"categories":[3],"tags":[],"class_list":["post-519","post","type-post","status-publish","format-standard","has-post-thumbnail","hentry","category-en-train"],"_links":{"self":[{"href":"https:\/\/usagers-transports.haut-allier.eu\/index.php\/wp-json\/wp\/v2\/posts\/519","targetHints":{"allow":["GET"]}}],"collection":[{"href":"https:\/\/usagers-transports.haut-allier.eu\/index.php\/wp-json\/wp\/v2\/posts"}],"about":[{"href":"https:\/\/usagers-transports.haut-allier.eu\/index.php\/wp-json\/wp\/v2\/types\/post"}],"author":[{"embeddable":true,"href":"https:\/\/usagers-transports.haut-allier.eu\/index.php\/wp-json\/wp\/v2\/users\/1"}],"replies":[{"embeddable":true,"href":"https:\/\/usagers-transports.haut-allier.eu\/index.php\/wp-json\/wp\/v2\/comments?post=519"}],"version-history":[{"count":0,"href":"https:\/\/usagers-transports.haut-allier.eu\/index.php\/wp-json\/wp\/v2\/posts\/519\/revisions"}],"wp:featuredmedia":[{"embeddable":true,"href":"https:\/\/usagers-transports.haut-allier.eu\/index.php\/wp-json\/wp\/v2\/media\/2477"}],"wp:attachment":[{"href":"https:\/\/usagers-transports.haut-allier.eu\/index.php\/wp-json\/wp\/v2\/media?parent=519"}],"wp:term":[{"taxonomy":"category","embeddable":true,"href":"https:\/\/usagers-transports.haut-allier.eu\/index.php\/wp-json\/wp\/v2\/categories?post=519"},{"taxonomy":"post_tag","embeddable":true,"href":"https:\/\/usagers-transports.haut-allier.eu\/index.php\/wp-json\/wp\/v2\/tags?post=519"}],"curies":[{"name":"wp","href":"https:\/\/api.w.org\/{rel}","templated":true}]}}