{"id":52,"date":"2013-05-03T19:14:01","date_gmt":"2013-05-03T17:14:01","guid":{"rendered":"http:\/\/5.45.101.177\/haut-allier\/usagers-transportse\/index.php\/2013\/05\/03\/cevenol-l-importante-mobilisation052\/"},"modified":"2026-09-01T15:53:03","modified_gmt":"2026-09-01T13:53:03","slug":"cevenol-l-importante-mobilisation052","status":"publish","type":"post","link":"https:\/\/usagers-transports.haut-allier.eu\/index.php\/2013\/05\/03\/cevenol-l-importante-mobilisation052\/","title":{"rendered":"C\u00e9venol : l&rsquo;importante mobilisation du 3 mai dans toutes les gares de la ligne contre la fermeture des guichets le week-end"},"content":{"rendered":"Ce vendredi 3 mai 2013 les rassemblements pr\u00e9vus dans les gares du parcours du train C\u00e9venol \u00e0 Brioude, Langeac, Langogne, G\u00e9nholac ont fait le plein pour protester <strong>contre la fermeture des guichets le week-end dans les gares du massif central \u00e0 partir de juin<\/strong>.\n\n<img loading=\"lazy\" decoding=\"async\" class=\" aligncenter size-full wp-image-1416\" src=\"http:\/\/5.45.101.177\/haut-allier\/usagers-transportse\/wp-content\/uploads\/2013\/05\/langogne.jpg\" alt=\"langogne.jpg\" align=\"center\" width=\"800\" height=\"296\" srcset=\"https:\/\/usagers-transports.haut-allier.eu\/wp-content\/uploads\/2013\/05\/langogne.jpg 800w, https:\/\/usagers-transports.haut-allier.eu\/wp-content\/uploads\/2013\/05\/langogne-300x111.jpg 300w, https:\/\/usagers-transports.haut-allier.eu\/wp-content\/uploads\/2013\/05\/langogne-768x284.jpg 768w\" sizes=\"auto, (max-width: 800px) 100vw, 800px\" \/>\n\n<em>Le rassemblement de Langogne<\/em>\n\nReste au pr\u00e9sident de la SNCF Monsieur P\u00e9py qui s&rsquo;acharne sur nos lignes de montagne \u00e0 constater que la mobilisation des \u00e9lus et des usagers ne faiblit pas au contraire et \u00e0 prendre les mesures que tout le monde r\u00e9clame : relev\u00e9 des vitesses, promotion de la ligne via les bornes automatiques et Internet, entretien des infrastructures, etc.\n\nDans la presse :\n\n&#8211; l&rsquo;article de la <a href=\"http:\/\/www.lamontagne.fr\/auvergne\/actualite\/departement\/haute-loire\/2013\/05\/03\/pres-de-120-manifestants-en-gare-de-langeac-pour-defendre-le-train-cevenol-1538708.html\">Montagne<\/a> du 3 mai sur la manifestation de Langeac : Pr\u00e8s de 120 manifestants en gare de Langeac pour d\u00e9fendre le train C\u00e9venol.\n\n&#8211; l&rsquo;article de <a href=\"http:\/\/www.midilibre.fr\/2013\/05\/04\/le-nouveau-combat-des-defenseurs-du-cevenol,690692.php\">Midi Libre<\/a> du 4 mai sur les rassemblements de Langogne et Villefort : Le nouveau combat des d\u00e9fenseurs du C\u00e9venol.\n\n&#8211; le sujet de F3 Pays Gardois du 3 mai :\n\n<a href=\"IMG\/avi\/usagers-transports-haut-allier-manif-3mai2013-F3-pays-gardois.avi\">usagers-transports-haut-allier-manif-3mai2013-F3-pays-gardois.avi<\/a>\n\n&#8211; le sujet de F3 Auvergne du 3 mai :\n\n<a href=\"IMG\/avi\/usagers-transports-haut-allier-manifs-3-mai-f3-auvergne.avi\">Manifs-3-mai-f3-auvergne<\/a><p>&nbsp;<\/p>\n\n\t<figure class=\"wp-block-gallery columns-2 is-cropped wp-block-gallery-1 is-layout-flex wp-block-gallery-is-layout-flex\">\n\t\t<ul class=\"blocks-gallery-grid\">\n\t\t\t<li class=\"blocks-gallery-item\">\n\t\t\t\t<figure>\n\t\t\t\t\t\t\t\t\t\t\t<img loading=\"lazy\" decoding=\"async\" width=\"480\" height=\"272\" src=\"http:\/\/5.45.101.177\/haut-allier\/usagers-transportse\/wp-content\/uploads\/2013\/05\/vlcsnap-2013-05-06-08h59m52s10.png\"\n\t\t\t\t\t\t alt=\"vlcsnap-2013-05-06-08h59m52s10.png\"\n\t\t\t\t\t\t data-id=\"1417\"\n\t\t\t\t\t\t data-full-url=\"http:\/\/5.45.101.177\/haut-allier\/usagers-transportse\/wp-content\/uploads\/2013\/05\/vlcsnap-2013-05-06-08h59m52s10.png\"\n\t\t\t\t\t\t data-link=\"http:\/\/5.45.101.177\/haut-allier\/usagers-transportse\/attachment-vlcsnap-2013-05-06-08h59m52s10-png\/\"\n\t\t\t\t\t\t class=\"wp-image-1417\" srcset=\"https:\/\/usagers-transports.haut-allier.eu\/wp-content\/uploads\/2013\/05\/vlcsnap-2013-05-06-08h59m52s10.png 480w, https:\/\/usagers-transports.haut-allier.eu\/wp-content\/uploads\/2013\/05\/vlcsnap-2013-05-06-08h59m52s10-300x170.png 300w\" sizes=\"auto, (max-width: 480px) 100vw, 480px\" \/>\n\t\t\t\t<\/figure>\n\t\t\t<\/li>\n\t\t\t<li class=\"blocks-gallery-item\">\n\t\t\t\t<figure>\n\t\t\t\t\t\t\t\t\t\t\t<img loading=\"lazy\" decoding=\"async\" width=\"480\" height=\"272\" src=\"http:\/\/5.45.101.177\/haut-allier\/usagers-transportse\/wp-content\/uploads\/2013\/05\/vlcsnap-2013-05-06-11h04m32s96.png\"\n\t\t\t\t\t\t alt=\"vlcsnap-2013-05-06-11h04m32s96.png\"\n\t\t\t\t\t\t data-id=\"1418\"\n\t\t\t\t\t\t data-full-url=\"http:\/\/5.45.101.177\/haut-allier\/usagers-transportse\/wp-content\/uploads\/2013\/05\/vlcsnap-2013-05-06-11h04m32s96.png\"\n\t\t\t\t\t\t data-link=\"http:\/\/5.45.101.177\/haut-allier\/usagers-transportse\/attachment-vlcsnap-2013-05-06-11h04m32s96-png\/\"\n\t\t\t\t\t\t class=\"wp-image-1418\" srcset=\"https:\/\/usagers-transports.haut-allier.eu\/wp-content\/uploads\/2013\/05\/vlcsnap-2013-05-06-11h04m32s96.png 480w, https:\/\/usagers-transports.haut-allier.eu\/wp-content\/uploads\/2013\/05\/vlcsnap-2013-05-06-11h04m32s96-300x170.png 300w\" sizes=\"auto, (max-width: 480px) 100vw, 480px\" \/>\n\t\t\t\t<\/figure>\n\t\t\t<\/li>\n\t\t<\/ul>\n\t<\/figure>\n","protected":false},"excerpt":{"rendered":"<p>Ce vendredi 3 mai 2013 les rassemblements pr\u00e9vus dans les gares du parcours du train C\u00e9venol \u00e0 Brioude,<\/p>\n","protected":false},"author":1,"featured_media":1416,"comment_status":"closed","ping_status":"open","sticky":false,"template":"","format":"standard","meta":{"footnotes":""},"categories":[2],"tags":[],"class_list":["post-52","post","type-post","status-publish","format-standard","has-post-thumbnail","hentry","category-infos"],"_links":{"self":[{"href":"https:\/\/usagers-transports.haut-allier.eu\/index.php\/wp-json\/wp\/v2\/posts\/52","targetHints":{"allow":["GET"]}}],"collection":[{"href":"https:\/\/usagers-transports.haut-allier.eu\/index.php\/wp-json\/wp\/v2\/posts"}],"about":[{"href":"https:\/\/usagers-transports.haut-allier.eu\/index.php\/wp-json\/wp\/v2\/types\/post"}],"author":[{"embeddable":true,"href":"https:\/\/usagers-transports.haut-allier.eu\/index.php\/wp-json\/wp\/v2\/users\/1"}],"replies":[{"embeddable":true,"href":"https:\/\/usagers-transports.haut-allier.eu\/index.php\/wp-json\/wp\/v2\/comments?post=52"}],"version-history":[{"count":1,"href":"https:\/\/usagers-transports.haut-allier.eu\/index.php\/wp-json\/wp\/v2\/posts\/52\/revisions"}],"predecessor-version":[{"id":1419,"href":"https:\/\/usagers-transports.haut-allier.eu\/index.php\/wp-json\/wp\/v2\/posts\/52\/revisions\/1419"}],"wp:featuredmedia":[{"embeddable":true,"href":"https:\/\/usagers-transports.haut-allier.eu\/index.php\/wp-json\/wp\/v2\/media\/1416"}],"wp:attachment":[{"href":"https:\/\/usagers-transports.haut-allier.eu\/index.php\/wp-json\/wp\/v2\/media?parent=52"}],"wp:term":[{"taxonomy":"category","embeddable":true,"href":"https:\/\/usagers-transports.haut-allier.eu\/index.php\/wp-json\/wp\/v2\/categories?post=52"},{"taxonomy":"post_tag","embeddable":true,"href":"https:\/\/usagers-transports.haut-allier.eu\/index.php\/wp-json\/wp\/v2\/tags?post=52"}],"curies":[{"name":"wp","href":"https:\/\/api.w.org\/{rel}","templated":true}]}}