{"id":520,"date":"2018-10-28T08:25:11","date_gmt":"2018-10-28T07:25:11","guid":{"rendered":"http:\/\/5.45.101.177\/haut-allier\/usagers-transportse\/index.php\/2018\/10\/28\/travaux-suspendus-sur-la-ligne-des520\/"},"modified":"2018-10-28T08:25:11","modified_gmt":"2018-10-28T07:25:11","slug":"travaux-suspendus-sur-la-ligne-des520","status":"publish","type":"post","link":"https:\/\/usagers-transports.haut-allier.eu\/index.php\/2018\/10\/28\/travaux-suspendus-sur-la-ligne-des520\/","title":{"rendered":"Travaux \u00ab\u00a0suspendus\u00a0\u00bb sur la ligne des C\u00e9vennes : le pr\u00e9fet de Haute-Loire fait le point"},"content":{"rendered":"<p>C&rsquo;est l&rsquo;analyse s\u00e9rieuse datant du 18 octobre du pr\u00e9fet de Haute-Loire sur cette fameuse suspension des travaux entre Langogne et Saint-Georges-d&rsquo;Aurac qui se renouvelle saison apr\u00e8s saison sur notre ligne avec le danger imminent que SNCF R\u00e9seau abaisse la vitesse et puis la ferme d\u00e9finitivement.<br \/>\n&nbsp;<br \/>\nLa CGT a interrog\u00e9 le haut magistrat pour essayer d&rsquo;en savoir plus, et sa r\u00e9ponse est tr\u00e8s claire bien plus que celle des politiques et de la SNCF elle-m\u00eame. La voici :<br \/>\n&nbsp;<\/p>\n<p>[(<br \/>\n<em>En r\u00e9ponse \u00e0 votre sollicitation, je suis en mesure de vous apporter les pr\u00e9cisions suivantes.<br \/>\n&nbsp;<br \/>\nLe CPER de l&rsquo;ex r\u00e9gion Auvergne, au titre du plan rail, pr\u00e9voyait la r\u00e9g\u00e9n\u00e9ration de la ligne des Cevennes : Saint-Georges-d&rsquo;Aurac \/ Langogne.<br \/>\n&nbsp;<br \/>\nDepuis, ce CPER a \u00e9t\u00e9 fusionn\u00e9 avec celui de l&rsquo;ex r\u00e9gion Rh\u00f4ne-Alpes et un avenant sign\u00e9 pr\u00e9voit une d\u00e9pense collective des financeurs \u00e0 hauteur de 200 M\u20ac pour l&rsquo;ensemble des lignes UIC 7 \u00e0 9.<br \/>\n&nbsp;<br \/>\nToutefois, cette somme ne peut satisfaire la totalit\u00e9 du besoin. En effet, le plan de sauvetage de l&rsquo;ensemble des petites lignes de la r\u00e9gion est estim\u00e9 \u00e0 264 M\u20ac sur la p\u00e9riode 2015\/2020, soit au dessus de l&rsquo;enveloppe contractualis\u00e9e entre l&rsquo;Etat et la r\u00e9gion.<br \/>\n&nbsp;<br \/>\nBien que la SNCF pr\u00e9voit ses projections de travaux de r\u00e9novation 3 ans avant leur commencement sur l&rsquo;unique crit\u00e8re de la d\u00e9t\u00e9rioration de la ligne, l&rsquo;inscription dans la programmation ne peut pr\u00e9sager du financement d\u00e9cid\u00e9 par l&rsquo;Etat ou la R\u00e9gion. Au cours de l&rsquo;ann\u00e9e pr\u00e9c\u00e9dent la potentielle r\u00e9alisation des travaux, la SNCF sollicite des financements.<br \/>\n&nbsp;<br \/>\nDans le cas d&rsquo;esp\u00e8ce, les lignes de Brioude \/ Langogne et Saint-Georges-d&rsquo;Aurac \/ Le Puy-en-Velay n&rsquo;avaient pas \u00e9t\u00e9 retenues par le CPER, au b\u00e9n\u00e9fice d&rsquo;autres dessertes jug\u00e9es plus prioritaires et les travaux ne pouvaient \u00eatre financ\u00e9s . Les interventions de l&rsquo;Etat se concentrent sur les lignes UIC 7 \u00e0 9 concernant la majorit\u00e9 des usagers de ces lignes.<br \/>\n&nbsp;<br \/>\nDes priorit\u00e9s ont en effet \u00e9t\u00e9 arr\u00eat\u00e9es sur ces lignes UIC 7 \u00e0 9 au regard du nombre des usagers les empruntant.<br \/>\n&nbsp;<br \/>\nLe Pr\u00e9fet de r\u00e9gion ne bloque donc pas des travaux qui n&rsquo;ont pas \u00e9t\u00e9 budg\u00e9t\u00e9s au CPER, en accord avec la R\u00e9gion.<br \/>\n&nbsp;<br \/>\nPar ailleurs, le conseil r\u00e9gional Auvergne-Rh\u00f4ne-Alpes a certes adopt\u00e9 une d\u00e9lib\u00e9ration pr\u00e9cisant qu&rsquo;il \u00e9tait pr\u00eat \u00e0 faire l&rsquo;avance \u00e0 l\u2019\u00c9tat du montant des travaux. Mais, d\u00e8s lors que l&rsquo;accord de l&rsquo;Etat n&rsquo;avait pas \u00e9t\u00e9 pr\u00e9alablement demand\u00e9, cette d\u00e9lib\u00e9ration ne peut \u00eatre consid\u00e9r\u00e9e que comme un souhait ou une annonce \u00e0 caract\u00e8re politique qui ne peut en rien engager le repr\u00e9sentant de l&rsquo;Etat sur la r\u00e9gion.<br \/>\n&nbsp;<br \/>\nCependant, une convention d&rsquo;\u00e9tude de 1,1 M\u20ac a \u00e9t\u00e9 \u00e9tablie cette ann\u00e9e pour la ligne du C\u00e9venol afin de mieux cerner la nature des travaux \u00e0 r\u00e9aliser en r\u00e9ponse aux d\u00e9sordres constat\u00e9s et pour en pr\u00e9ciser le phasage.<br \/>\n&nbsp;<br \/>\nL&rsquo;int\u00e9r\u00eat de ces lignes n&rsquo;est dons pas remis en cause mais ne pourra pas \u00eatre assum\u00e9 financi\u00e8rement avant le prochain CPER, soit 2020.<br \/>\n&nbsp;<br \/>\nEsp\u00e9rant avoir apport\u00e9 des \u00e9l\u00e9ments de r\u00e9ponse \u00e0 vos interrogations, je vous prie de croire, Monsieur le Secr\u00e9taire, \u00e0 l&rsquo;assurance de ma consid\u00e9ration distingu\u00e9e.<br \/>\n&nbsp;<br \/>\nYves ROUSSET<br \/>\nPr\u00e9fet du d\u00e9partement de la Haute-Loire<\/em><br \/>\n)]<\/p>\n<p>&nbsp;<br \/>\n&nbsp;<br \/>\n<strong>On peut donc d&rsquo;une fa\u00e7on tr\u00e8s simpliste et sinistre en conclure :<\/strong><br \/>\n&nbsp;<br \/>\n&#8211; que sur l&rsquo;h\u00f4tel des \u00ab\u00a0priorit\u00e9s aux axes fr\u00e9quent\u00e9s \/ axes moins fr\u00e9quent\u00e9s\u00a0\u00bb la fusion des r\u00e9gions est sur le point de faire fermer l&rsquo;axe Clermont-ferrand N\u00eemes,<br \/>\n&#8211; que le Conseil r\u00e9gional de Monsieur Wauquiez a beau jeu d&rsquo;affirmer qu&rsquo;il est pr\u00eat \u00e0 faire l&rsquo;effort, il sait parfaitement que sa d\u00e9lib\u00e9ration tardive ne sera pas effective et ne sera interpr\u00e9t\u00e9e que comme une \u00ab\u00a0d\u00e9claration politique\u00a0\u00bb par l&rsquo;\u00e9tat.<br \/>\n&#8211; que rien ne pourra d\u00e9sormais \u00eatre fait avant 2020, un temps dont la SNCF va certainement profiter pour appliquer des ralentissements et acc\u00e9l\u00e9rer la fermeture.<br \/>\n&nbsp;<br \/>\n<strong>Merci Wauquiez<\/strong>. <\/p>\n","protected":false},"excerpt":{"rendered":"<p>C&rsquo;est l&rsquo;analyse s\u00e9rieuse datant du 18 octobre du pr\u00e9fet de Haute-Loire sur cette fameuse suspension des travaux entre<\/p>\n","protected":false},"author":1,"featured_media":2480,"comment_status":"open","ping_status":"open","sticky":false,"template":"","format":"standard","meta":{"footnotes":""},"categories":[3],"tags":[],"class_list":["post-520","post","type-post","status-publish","format-standard","has-post-thumbnail","hentry","category-en-train"],"_links":{"self":[{"href":"https:\/\/usagers-transports.haut-allier.eu\/index.php\/wp-json\/wp\/v2\/posts\/520","targetHints":{"allow":["GET"]}}],"collection":[{"href":"https:\/\/usagers-transports.haut-allier.eu\/index.php\/wp-json\/wp\/v2\/posts"}],"about":[{"href":"https:\/\/usagers-transports.haut-allier.eu\/index.php\/wp-json\/wp\/v2\/types\/post"}],"author":[{"embeddable":true,"href":"https:\/\/usagers-transports.haut-allier.eu\/index.php\/wp-json\/wp\/v2\/users\/1"}],"replies":[{"embeddable":true,"href":"https:\/\/usagers-transports.haut-allier.eu\/index.php\/wp-json\/wp\/v2\/comments?post=520"}],"version-history":[{"count":0,"href":"https:\/\/usagers-transports.haut-allier.eu\/index.php\/wp-json\/wp\/v2\/posts\/520\/revisions"}],"wp:featuredmedia":[{"embeddable":true,"href":"https:\/\/usagers-transports.haut-allier.eu\/index.php\/wp-json\/wp\/v2\/media\/2480"}],"wp:attachment":[{"href":"https:\/\/usagers-transports.haut-allier.eu\/index.php\/wp-json\/wp\/v2\/media?parent=520"}],"wp:term":[{"taxonomy":"category","embeddable":true,"href":"https:\/\/usagers-transports.haut-allier.eu\/index.php\/wp-json\/wp\/v2\/categories?post=520"},{"taxonomy":"post_tag","embeddable":true,"href":"https:\/\/usagers-transports.haut-allier.eu\/index.php\/wp-json\/wp\/v2\/tags?post=520"}],"curies":[{"name":"wp","href":"https:\/\/api.w.org\/{rel}","templated":true}]}}