{"id":521,"date":"2018-10-29T17:40:41","date_gmt":"2018-10-29T16:40:41","guid":{"rendered":"http:\/\/5.45.101.177\/haut-allier\/usagers-transportse\/index.php\/2018\/10\/29\/10-ans-de-combat-pour-le-train521\/"},"modified":"2018-10-29T17:40:41","modified_gmt":"2018-10-29T16:40:41","slug":"10-ans-de-combat-pour-le-train521","status":"publish","type":"post","link":"https:\/\/usagers-transports.haut-allier.eu\/index.php\/2018\/10\/29\/10-ans-de-combat-pour-le-train521\/","title":{"rendered":"10 ans de combat pour le train C\u00e9venol !"},"content":{"rendered":"<p>Voici pour c\u00e9l\u00e9brer l&rsquo;anniversaire la premi\u00e8re manifestation \u00e0 Labastide Puylaurent pour la d\u00e9fense du train C\u00e9venol en 2008. Cette action est \u00e0 l&rsquo;origine de la cr\u00e9ation de l&rsquo;Association des Elus pour la d\u00e9fense du C\u00e9venol dont on ne peut que louer la tenacit\u00e9.<br \/>\n&nbsp;<br \/>\nMais en regardant la vid\u00e9o ci-dessous (dont nous avons effectu\u00e9 le montage sur les images d&rsquo;un myst\u00e9rieux passionn\u00e9 du rail) nous pouvons voir que la menace est toujours l\u00e0, aucune am\u00e9lioration depuis dix ans au contraire, surtout au nord de Langogne qui d\u00e9pend d&rsquo;un pr\u00e9sident de r\u00e9gion qui d\u00e9teste \u00e0 la fois le train et un territoire dont il a la charge, l&rsquo;Auvergne.<br \/>\n&nbsp;<br \/>\n<iframe loading=\"lazy\" width=\"560\" height=\"315\" src=\"https:\/\/www.youtube.com\/embed\/DeUz-0KUDj0\" frameborder=\"0\" allow=\"autoplay; encrypted-media\" allowfullscreen><\/iframe><br \/>\n&nbsp;<\/p>\n","protected":false},"excerpt":{"rendered":"<p>Voici pour c\u00e9l\u00e9brer l&rsquo;anniversaire la premi\u00e8re manifestation \u00e0 Labastide Puylaurent pour la d\u00e9fense du train C\u00e9venol en 2008.<\/p>\n","protected":false},"author":1,"featured_media":2481,"comment_status":"open","ping_status":"open","sticky":false,"template":"","format":"standard","meta":{"footnotes":""},"categories":[3],"tags":[],"class_list":["post-521","post","type-post","status-publish","format-standard","has-post-thumbnail","hentry","category-en-train"],"_links":{"self":[{"href":"https:\/\/usagers-transports.haut-allier.eu\/index.php\/wp-json\/wp\/v2\/posts\/521","targetHints":{"allow":["GET"]}}],"collection":[{"href":"https:\/\/usagers-transports.haut-allier.eu\/index.php\/wp-json\/wp\/v2\/posts"}],"about":[{"href":"https:\/\/usagers-transports.haut-allier.eu\/index.php\/wp-json\/wp\/v2\/types\/post"}],"author":[{"embeddable":true,"href":"https:\/\/usagers-transports.haut-allier.eu\/index.php\/wp-json\/wp\/v2\/users\/1"}],"replies":[{"embeddable":true,"href":"https:\/\/usagers-transports.haut-allier.eu\/index.php\/wp-json\/wp\/v2\/comments?post=521"}],"version-history":[{"count":0,"href":"https:\/\/usagers-transports.haut-allier.eu\/index.php\/wp-json\/wp\/v2\/posts\/521\/revisions"}],"wp:featuredmedia":[{"embeddable":true,"href":"https:\/\/usagers-transports.haut-allier.eu\/index.php\/wp-json\/wp\/v2\/media\/2481"}],"wp:attachment":[{"href":"https:\/\/usagers-transports.haut-allier.eu\/index.php\/wp-json\/wp\/v2\/media?parent=521"}],"wp:term":[{"taxonomy":"category","embeddable":true,"href":"https:\/\/usagers-transports.haut-allier.eu\/index.php\/wp-json\/wp\/v2\/categories?post=521"},{"taxonomy":"post_tag","embeddable":true,"href":"https:\/\/usagers-transports.haut-allier.eu\/index.php\/wp-json\/wp\/v2\/tags?post=521"}],"curies":[{"name":"wp","href":"https:\/\/api.w.org\/{rel}","templated":true}]}}