{"id":523,"date":"2018-10-31T07:48:52","date_gmt":"2018-10-31T06:48:52","guid":{"rendered":"http:\/\/5.45.101.177\/haut-allier\/usagers-transportse\/index.php\/2018\/10\/31\/fiasco-sncf-en-auvergne-rhone523\/"},"modified":"2018-10-31T07:48:52","modified_gmt":"2018-10-31T06:48:52","slug":"fiasco-sncf-en-auvergne-rhone523","status":"publish","type":"post","link":"https:\/\/usagers-transports.haut-allier.eu\/index.php\/2018\/10\/31\/fiasco-sncf-en-auvergne-rhone523\/","title":{"rendered":"Fiasco SNCF en Auvergne Rh\u00f4ne Alpes : il neige, elle d\u00e9clare forfait"},"content":{"rendered":"<p>On ne fait plus confiance au train. Avec l&rsquo;op\u00e9rateur (dit ferroviaire) actuel la fiabilit\u00e9 des transports sur rail lors des \u00ab\u00a0intemp\u00e9ries\u00a0\u00bb est devenue au fil des ans NULLE pour les usagers. Pourtant depuis des temps imm\u00e9moriaux et jusqu&rsquo;\u00e0 il y a une dizaine d&rsquo;ann\u00e9es \u00e7a n&rsquo;a jamais \u00e9t\u00e9 le cas : comme chacun s&rsquo;en souvient c&rsquo;\u00e9tait le moyen de transport le plus pratique lors des \u00e9pisodes m\u00e9t\u00e9o un peu difficiles.<br \/>\n&nbsp;<br \/>\n<strong>Morceaux choisis :<\/strong><br \/>\n&nbsp;<br \/>\n<em> <strong>Dans la presse : La Montagne :<\/strong> <\/em><br \/>\n&nbsp;<br \/>\n[(<br \/>\n<a href=\"https:\/\/www.lamontagne.fr\/dossier\/theme-6973\/puy-de-dome.html\">Pas de train Clermont &#8211; Lyon jusqu&rsquo;\u00e0 mercredi inclus<\/a><br \/>\n&nbsp;<br \/>\n<em>Clermont-Ferrand \/ Transport \/ Allier \/ Cantal \/ Haute-loire \/ Puy-de-d\u00f4me<\/em><br \/>\n&nbsp;<br \/>\n<em>Publi\u00e9 le 30\/10\/2018 \u00e0 12h01 \/ Mis \u00e0 jour le 30\/10\/2018 \u00e0 17h20<\/em><br \/>\n&nbsp;<br \/>\nLes chutes de neige perturbent \u00e9galement le trafic SNCF, ce mardi, en Auvergne. Le point sur vos conditions de circulation.<br \/>\n&nbsp;<br \/>\nLes chutes d&rsquo;arbres sur les lignes \u00e9lectrifi\u00e9es, cons\u00e9quence des fortes chutes de neige survenues dans la nuit de lundi \u00e0 mardi, provoquent des avaries sur les cat\u00e9naires. Les agents de la SNCF sont mobilis\u00e9s pour d\u00e9gager les voies. La circulation revient peu \u00e0 peu, m\u00eame si des difficult\u00e9s persistent entre Clermont et Lyon, et en Haute-Loire.<br \/>\n&nbsp;<br \/>\n<strong>Retour \u00e0 la normale pour la ligne Clermont-Paris<\/strong><br \/>\n&nbsp;<br \/>\nCe matin, les Intercit\u00e9s \u00e9taient supprim\u00e9s sur la totalit\u00e9 du parcours. Les trains en direction et au d\u00e9part de Paris Bercy reprennent peu \u00e0 peu, depuis 15 heures environ.<br \/>\n&nbsp;<br \/>\nLe train Intercit\u00e9s 5963 au d\u00e9part de Paris Bercy, qui n&rsquo;avait pas \u00e9t\u00e9 supprim\u00e9 et devait arriver en gare de Clermont-Ferrand \u00e0 17h38, est annonc\u00e9 avec un retard d&rsquo;une heure.<br \/>\n&nbsp;<br \/>\nLa ligne Clermont &#8211; Montlu\u00e7on circule \u00e9galement \u00e0 nouveau ce mardi apr\u00e8s-midi.<br \/>\n&nbsp;<br \/>\n<strong>Pas de Clermont &#8211; Lyon mercredi<\/strong><br \/>\n&nbsp;<br \/>\nLa ligne ne sera pas rendue avant ce mercredi 31 octobre, fin de matin\u00e9e, annonce la SNCF.<br \/>\n&nbsp;<br \/>\n<strong>La ligne Lyon-Roanne sera ferm\u00e9e \u00e9galement pour la journ\u00e9e de demain<\/strong>.<br \/>\n)]<br \/>\n&nbsp;<br \/>\n<em> <strong>Sur Twitter SNCF<\/strong> <\/em><br \/>\n&nbsp;<br \/>\n[(<br \/>\nLa ligne St-\u00c9tienne-Roanne sera ferm\u00e9e aussi mercredi. Tous les trains sont supprim\u00e9s sur ces deux lignes pour la journ\u00e9e du 31\/10. <a href=\"https:\/\/t.co\/w2DLfjk9R1\">https:\/\/t.co\/w2DLfjk9R1<\/a><br \/>\n)]<br \/>\n&nbsp;<\/p>\n<p>[(<br \/>\n<strong><a href=\"https:\/\/t.co\/w2DLfjk9R1\">SNCF TER AURA on Twitter<\/a><\/strong><br \/>\n&nbsp;<br \/>\n\u201cLa circulation ne reprendra pas aujourd&rsquo;hui sur la ligne Lyon<>Roanne. Tous les trains sont supprim\u00e9s.\u201d<br \/>\n)]<\/p>\n<p>&nbsp;<\/p>\n<p>[(<br \/>\n<strong><a href=\"https:\/\/twitter.com\/SNCFTERAURA\/status\/1057269329266442240?ref_src=twsrc%5Etfw\">SNCF TER AURA (@SNCFTERAURA) 30 octobre 2018<\/a> <\/strong><br \/>\n)]<\/p>\n<p>&nbsp;<br \/>\n<strong>Pas de Le Puy-en-Velay &#8211; Firminy avant 48 heures<\/strong><br \/>\n&nbsp;<br \/>\nC&rsquo;est la ligne la plus impact\u00e9e par les intemp\u00e9ries. Au mieux, celle-ci sera de nouveau en service dans 48 heures, annonce la SNCF :<br \/>\n&nbsp;<\/p>\n<p>[(<br \/>\nLa ligne Le Puy- Firminy sera ferm\u00e9e \u00e9galement pour la journ\u00e9e de demain. L&rsquo;axe St-\u00c9tienne &#8211; Firminy sera lui bien ouvert \u00e0 partir de demain matin. <a href=\"https:\/\/t.co\/FHzpOV9pGH\">https:\/\/t.co\/FHzpOV9pGH<\/a><br \/>\n)]<\/p>\n<p>&nbsp;  <\/p>\n<p>[(<br \/>\n<strong><a href=\"https:\/\/t.co\/FHzpOV9pGH\">SNCF TER AURA on Twitter<\/a><\/strong><br \/>\n&nbsp;<br \/>\n\u201cLa circulation ne reprendra pas aujourd&rsquo;hui sur la ligne Saint-\u00c9tienne<>le-Puy-en-Velay. Tous les trains sont supprim\u00e9s. Reprise du trafic annonc\u00e9e pour demain matin.\u201d<br \/>\n)]<\/p>\n<p>&nbsp;<\/p>\n<p>[(<br \/>\n<a href=\"https:\/\/twitter.com\/SNCFTERAURA\/status\/1057293524578824192?ref_src=twsrc%5Etfw\">SNCF TER AURA (@SNCFTERAURA) 30 octobre 2018<br \/>\n<\/a><br \/>\n)]<\/p>\n<p>&nbsp;<br \/>\n<strong>Les autres lignes impact\u00e9es :<\/strong><br \/>\n&nbsp;<br \/>\n&#8211; Moulins &#8211; Vichy &#8211; Clermont-Ferrand : reprise des circulations pr\u00e9vue vers 17 heures.<br \/>\n&#8211; Brioude &#8211; Le Puy : reprise des circulations entre Brioude et St Georges depuis 13 heures, mais pas de circulation entre St Georges et Le Puy jusqu&rsquo;\u00e0 mercredi matin.<br \/>\n&#8211; Gannat &#8211; Commentry : reprise pr\u00e9vue mercredi matin.<br \/>\n&#8211; Clermont-Ferrand &#8211; Volvic : reprise pr\u00e9vue mercredi matin.<br \/>\n&#8211; Clermont-Ferrand &#8211; Thiers<br \/>\n&#8211; Clermont et Vertaizon : t\u00e9l\u00e9chargez ici les pr\u00e9visions de circulation pour la soir\u00e9e du 30\/10 ;<br \/>\n&#8211; Vertaizon et Thiers : reprise pr\u00e9vue mercredi matin.<br \/>\n&nbsp;<br \/>\n&nbsp;<br \/>\n<em> <strong>Dans la presse : Le Progr\u00e8s :<\/strong> <\/em><br \/>\n&nbsp;<\/p>\n<p>[(<br \/>\nLoire Le r\u00e9seau TER fortement impact\u00e9 par la neige entre Loire, Haute-Loire et Rh\u00f4ne<br \/>\nLes intemp\u00e9ries sont pass\u00e9es mais elles auront encore des r\u00e9percussions sur le trafic des TER ce mercredi. Les op\u00e9rations de d\u00e9gagement d\u2019arbres, d\u00e9neigement, d\u00e9gel d\u2019aiguillages mais aussi r\u00e9parations d\u2019installations \u00e9lectriques qui ont souffert vont se poursuivre.<br \/>\n&nbsp;<br \/>\nLe trafic sera normal entre Saint-Etienne et Lyon, Part-Dieu comme Perrache.<br \/>\n&nbsp;<br \/>\nPas de train entre Lyon-Roanne, Saint-Etienne-Roanne&#8230; Des autocars de substitution mis en place<br \/>\n&nbsp;<br \/>\nEn revanche, il n\u2019y aura pas de trains entre Lyon et Roanne, y compris via Saint-Germain, Lyon-Clermont , Lyon-Paray-le-Monial, Saint-Etienne-Roanne, Saint-Etienne-Montbrison, Le Puy-Firminy. Sur ces lignes, des autocars de substitution seront mis en service.<br \/>\n&nbsp;<br \/>\nLe service doit reprendre normalement le 1er novembre.<br \/>\n&nbsp;<br \/>\n)]<\/p>\n<p>&nbsp;<br \/>\n<strong>&#8230; ou \u00e0 la Saint Glinglin. Mais rassurons nous, en p\u00e9riode de fortes temp\u00e9ratures, vous l&rsquo;avez remarqu\u00e9, c&rsquo;est PAREIL ! En p\u00e9riode de fortes pr\u00e9cipitations de pluie ITOU ! En p\u00e9riode de temp\u00e9rature basse LA MEME CHOSE ! <\/strong><br \/>\n&nbsp;<br \/>\n<em>Article sugg\u00e9r\u00e9 par JL Roche.<\/em><\/p>\n","protected":false},"excerpt":{"rendered":"<p>On ne fait plus confiance au train. Avec l&rsquo;op\u00e9rateur (dit ferroviaire) actuel la fiabilit\u00e9 des transports sur rail<\/p>\n","protected":false},"author":1,"featured_media":2484,"comment_status":"open","ping_status":"open","sticky":false,"template":"","format":"standard","meta":{"footnotes":""},"categories":[3],"tags":[],"class_list":["post-523","post","type-post","status-publish","format-standard","has-post-thumbnail","hentry","category-en-train"],"_links":{"self":[{"href":"https:\/\/usagers-transports.haut-allier.eu\/index.php\/wp-json\/wp\/v2\/posts\/523","targetHints":{"allow":["GET"]}}],"collection":[{"href":"https:\/\/usagers-transports.haut-allier.eu\/index.php\/wp-json\/wp\/v2\/posts"}],"about":[{"href":"https:\/\/usagers-transports.haut-allier.eu\/index.php\/wp-json\/wp\/v2\/types\/post"}],"author":[{"embeddable":true,"href":"https:\/\/usagers-transports.haut-allier.eu\/index.php\/wp-json\/wp\/v2\/users\/1"}],"replies":[{"embeddable":true,"href":"https:\/\/usagers-transports.haut-allier.eu\/index.php\/wp-json\/wp\/v2\/comments?post=523"}],"version-history":[{"count":0,"href":"https:\/\/usagers-transports.haut-allier.eu\/index.php\/wp-json\/wp\/v2\/posts\/523\/revisions"}],"wp:featuredmedia":[{"embeddable":true,"href":"https:\/\/usagers-transports.haut-allier.eu\/index.php\/wp-json\/wp\/v2\/media\/2484"}],"wp:attachment":[{"href":"https:\/\/usagers-transports.haut-allier.eu\/index.php\/wp-json\/wp\/v2\/media?parent=523"}],"wp:term":[{"taxonomy":"category","embeddable":true,"href":"https:\/\/usagers-transports.haut-allier.eu\/index.php\/wp-json\/wp\/v2\/categories?post=523"},{"taxonomy":"post_tag","embeddable":true,"href":"https:\/\/usagers-transports.haut-allier.eu\/index.php\/wp-json\/wp\/v2\/tags?post=523"}],"curies":[{"name":"wp","href":"https:\/\/api.w.org\/{rel}","templated":true}]}}