{"id":524,"date":"2018-11-01T22:17:25","date_gmt":"2018-11-01T21:17:25","guid":{"rendered":"http:\/\/5.45.101.177\/haut-allier\/usagers-transportse\/index.php\/2018\/11\/01\/ligne-du-train-cevenol-sncf-aura524\/"},"modified":"2018-11-01T22:17:25","modified_gmt":"2018-11-01T21:17:25","slug":"ligne-du-train-cevenol-sncf-aura524","status":"publish","type":"post","link":"https:\/\/usagers-transports.haut-allier.eu\/index.php\/2018\/11\/01\/ligne-du-train-cevenol-sncf-aura524\/","title":{"rendered":"Ligne du train C\u00e9venol : SNCF AuRA \/ Lyon ne g\u00e8re plus rien (ou s&rsquo;en fiche) [MAJ]"},"content":{"rendered":"<p>S&rsquo;en fiche ou plus exactement <strong>sabote<\/strong>. Formidable : entre Clermont-Ferrand et N\u00eemes ce 1er novembre 2 circulations en doublon mais 1 CAR POUR les VOYAGEURS + 1 TRAIN VIDE interdit \u00e0 ces derniers !!<br \/>\n&nbsp;<br \/>\nOn le voit la direction r\u00e9gionale SNCF Lyon d\u00e9laisse compl\u00e8tement les usagers du territoire auvergnat et les autres. Aberration totale, r\u00e9sultant du manque d&rsquo;anticipation \u00e9vident :<br \/>\n&nbsp;<br \/>\nEn effet, le TER 873991 Clermont-Ferrand > N\u00eemes du matin (AOT Auvergne-Rh\u00f4ne-Alpes) \u00e9tait indiqu\u00e9 comme ne circulant pas le 1er novembre, jour f\u00e9ri\u00e9, sur les fiches-horaires.<br \/>\n&nbsp;<br \/>\nMais suite \u00e0 bug de programmation dans les serveurs informatiques, les ventes ont pourtant \u00e9t\u00e9 maintenues ouvertes sur Internet et terminaux des guichets pour ce train l\u00e0, donc des billets ont \u00e9t\u00e9 vendus&#8230;<br \/>\n&nbsp;<br \/>\nEn cons\u00e9quence, une d\u00e9cision de derni\u00e8re minute a \u00e9t\u00e9 prise par la SNCF : mise en place d&rsquo;un autocar de substitution sur l&rsquo;horaire du 873993 du samedi (d\u00e9part 7h32 Clermont-Ferrand), sans explication sur le pourquoi de cet horaire \u00ab\u00a0d\u00e9cal\u00e9\u00a0\u00bb&#8230;<br \/>\n&nbsp;<br \/>\nUn comble : l&rsquo;achat de billets pour cet autocar est impossible puisqu&rsquo;il n&rsquo;appara\u00eet pas dans les offres !!<br \/>\n&nbsp;<br \/>\nPire : Le TER 973994 du soir de sens contraire, N\u00eemes > Clermont-Ferrand (financement Auvergne-Rh\u00f4ne-Alpes), n&rsquo;aurait pas pu circuler (puisqu&rsquo;assur\u00e9 par le mat\u00e9riel habituellement achemin\u00e9 le matin par le TER 873991). Aussi, la SNCF a finalement fait circuler, en plus de l&rsquo;autocar (!!), un train vide (non commercialis\u00e9) en d\u00e9but d&rsquo;apr\u00e8s-midi sur la totalit\u00e9 du parcours de Clermont-Ferrand vers N\u00eemes (juste devant le TER Occitanie r\u00e9gulier 877957 dit \u00ab C\u00e9venol \u00bb) afin que le TER 873994 puisse \u00eatre assur\u00e9 !<br \/>\n&nbsp;<br \/>\n<strong>On comprend donc mieux pourquoi l&rsquo;exploitation de la Ligne des C\u00e9vennes co\u00fbte si cher, avec des prises de d\u00e9cisions aussi incoh\u00e9rentes les unes que les autres par la SNCF, alors que d&rsquo;autres solutions logistiques sont envisageables et plus \u00e9conomiques. Les dirigeants de la SNCF marchent sur la t\u00eate !<\/strong><br \/>\n&nbsp;<\/p>\n<p><img loading=\"lazy\" decoding=\"async\" class=\" aligncenter size-full wp-image-2485\" src=\"http:\/\/5.45.101.177\/haut-allier\/usagers-transportse\/wp-content\/uploads\/2018\/11\/45064140_2036260193332071_3217782501661474816_n.jpg\" alt=\"45064140_2036260193332071_3217782501661474816_n.jpg\" align=\"center\" width=\"724\" height=\"960\" srcset=\"https:\/\/usagers-transports.haut-allier.eu\/wp-content\/uploads\/2018\/11\/45064140_2036260193332071_3217782501661474816_n.jpg 724w, https:\/\/usagers-transports.haut-allier.eu\/wp-content\/uploads\/2018\/11\/45064140_2036260193332071_3217782501661474816_n-226x300.jpg 226w\" sizes=\"auto, (max-width: 724px) 100vw, 724px\" \/><br \/>\n&nbsp;<br \/>\n<em>De notre envoy\u00e9 sp\u00e9cial.<\/em><br \/>\n&nbsp;<br \/>\n<em>Mise \u00e0 jour du 5 novembre :<\/em><br \/>\n&nbsp;<br \/>\nUn lecteur assidu qui ne veut pas se d\u00e9voiler nous sugg\u00e8re : <strong>\u00ab\u00a0Nous pourrions inviter les \u00e9lus \u00e0 faire ce trajet en autocar et les faire accompagner par les m\u00e9dias r\u00e9gionaux.\u00a0\u00bb<\/strong><br \/>\n&nbsp;<br \/>\nQuelle excellente id\u00e9e que voil\u00e0.<br \/>\n&nbsp;<\/p>\n","protected":false},"excerpt":{"rendered":"<p>S&rsquo;en fiche ou plus exactement sabote. Formidable : entre Clermont-Ferrand et N\u00eemes ce 1er novembre 2 circulations en<\/p>\n","protected":false},"author":1,"featured_media":2485,"comment_status":"open","ping_status":"open","sticky":false,"template":"","format":"standard","meta":{"footnotes":""},"categories":[3],"tags":[],"class_list":["post-524","post","type-post","status-publish","format-standard","has-post-thumbnail","hentry","category-en-train"],"_links":{"self":[{"href":"https:\/\/usagers-transports.haut-allier.eu\/index.php\/wp-json\/wp\/v2\/posts\/524","targetHints":{"allow":["GET"]}}],"collection":[{"href":"https:\/\/usagers-transports.haut-allier.eu\/index.php\/wp-json\/wp\/v2\/posts"}],"about":[{"href":"https:\/\/usagers-transports.haut-allier.eu\/index.php\/wp-json\/wp\/v2\/types\/post"}],"author":[{"embeddable":true,"href":"https:\/\/usagers-transports.haut-allier.eu\/index.php\/wp-json\/wp\/v2\/users\/1"}],"replies":[{"embeddable":true,"href":"https:\/\/usagers-transports.haut-allier.eu\/index.php\/wp-json\/wp\/v2\/comments?post=524"}],"version-history":[{"count":0,"href":"https:\/\/usagers-transports.haut-allier.eu\/index.php\/wp-json\/wp\/v2\/posts\/524\/revisions"}],"wp:featuredmedia":[{"embeddable":true,"href":"https:\/\/usagers-transports.haut-allier.eu\/index.php\/wp-json\/wp\/v2\/media\/2485"}],"wp:attachment":[{"href":"https:\/\/usagers-transports.haut-allier.eu\/index.php\/wp-json\/wp\/v2\/media?parent=524"}],"wp:term":[{"taxonomy":"category","embeddable":true,"href":"https:\/\/usagers-transports.haut-allier.eu\/index.php\/wp-json\/wp\/v2\/categories?post=524"},{"taxonomy":"post_tag","embeddable":true,"href":"https:\/\/usagers-transports.haut-allier.eu\/index.php\/wp-json\/wp\/v2\/tags?post=524"}],"curies":[{"name":"wp","href":"https:\/\/api.w.org\/{rel}","templated":true}]}}