{"id":531,"date":"2018-11-12T20:43:55","date_gmt":"2018-11-12T19:43:55","guid":{"rendered":"http:\/\/5.45.101.177\/haut-allier\/usagers-transportse\/index.php\/2018\/11\/12\/translozerien-une-superbe-brochure531\/"},"modified":"2018-11-12T20:43:55","modified_gmt":"2018-11-12T19:43:55","slug":"translozerien-une-superbe-brochure531","status":"publish","type":"post","link":"https:\/\/usagers-transports.haut-allier.eu\/index.php\/2018\/11\/12\/translozerien-une-superbe-brochure531\/","title":{"rendered":"Transloz\u00e9rien : une superbe brochure \u00e9dit\u00e9e par le Pays d&rsquo;Art et d&rsquo;Histoire de Mende &#038; Lot"},"content":{"rendered":"<p><strong>Le sommaire qui va vous faire pr\u00e9cipiter sur sa lecture en bas d&rsquo;article :<\/strong><br \/>\n&nbsp;<br \/>\n<img loading=\"lazy\" decoding=\"async\" class=\" aligncenter size-full wp-image-2494\" src=\"http:\/\/5.45.101.177\/haut-allier\/usagers-transportse\/wp-content\/uploads\/2018\/11\/letranslozerienwebpdf-1.png\" alt=\"letranslozerienwebpdf-1.png\" align=\"center\" width=\"1095\" height=\"845\" srcset=\"https:\/\/usagers-transports.haut-allier.eu\/wp-content\/uploads\/2018\/11\/letranslozerienwebpdf-1.png 1095w, https:\/\/usagers-transports.haut-allier.eu\/wp-content\/uploads\/2018\/11\/letranslozerienwebpdf-1-300x232.png 300w, https:\/\/usagers-transports.haut-allier.eu\/wp-content\/uploads\/2018\/11\/letranslozerienwebpdf-1-1024x790.png 1024w, https:\/\/usagers-transports.haut-allier.eu\/wp-content\/uploads\/2018\/11\/letranslozerienwebpdf-1-768x593.png 768w\" sizes=\"auto, (max-width: 1095px) 100vw, 1095px\" \/><br \/>\n&nbsp;<br \/>\n&#8211; UNE TRANSVERSALE DE 77 KM<br \/>\n&nbsp;<br \/>\n<img loading=\"lazy\" decoding=\"async\" class=\" aligncenter size-full wp-image-2495\" src=\"http:\/\/5.45.101.177\/haut-allier\/usagers-transportse\/wp-content\/uploads\/2018\/11\/letranslozerienwebpdf-2.png\" alt=\"letranslozerienwebpdf-2.png\" align=\"center\" width=\"1243\" height=\"841\" srcset=\"https:\/\/usagers-transports.haut-allier.eu\/wp-content\/uploads\/2018\/11\/letranslozerienwebpdf-2.png 1243w, https:\/\/usagers-transports.haut-allier.eu\/wp-content\/uploads\/2018\/11\/letranslozerienwebpdf-2-300x203.png 300w, https:\/\/usagers-transports.haut-allier.eu\/wp-content\/uploads\/2018\/11\/letranslozerienwebpdf-2-1024x693.png 1024w, https:\/\/usagers-transports.haut-allier.eu\/wp-content\/uploads\/2018\/11\/letranslozerienwebpdf-2-768x520.png 768w\" sizes=\"auto, (max-width: 1243px) 100vw, 1243px\" \/><br \/>\n&nbsp;<br \/>\n36 km suivant le Lot, en terre calcaire &#038; une collection d\u2019ouvrages d\u2019art en vall\u00e9e \/<br \/>\n10 km en surplomb du Lot en terre de schiste &#038; l\u2019amorce de l\u2019ascension \/<br \/>\n7 km d\u2019ascension vers le toit de la France en terre de granite \/<br \/>\nEncore 25 km \u00e0 plus de 1000 m\u00e8tres d\u2019altitude inclinant vers le bassin rhodanien et le<br \/>\nterminus \u00e0 la Bastide<br \/>\n&nbsp;<br \/>\n<img loading=\"lazy\" decoding=\"async\" class=\" aligncenter size-full wp-image-2496\" src=\"http:\/\/5.45.101.177\/haut-allier\/usagers-transportse\/wp-content\/uploads\/2018\/11\/letranslozerienwebpdf-4.png\" alt=\"letranslozerienwebpdf-4.png\" align=\"center\" width=\"1237\" height=\"806\" srcset=\"https:\/\/usagers-transports.haut-allier.eu\/wp-content\/uploads\/2018\/11\/letranslozerienwebpdf-4.png 1237w, https:\/\/usagers-transports.haut-allier.eu\/wp-content\/uploads\/2018\/11\/letranslozerienwebpdf-4-300x195.png 300w, https:\/\/usagers-transports.haut-allier.eu\/wp-content\/uploads\/2018\/11\/letranslozerienwebpdf-4-1024x667.png 1024w, https:\/\/usagers-transports.haut-allier.eu\/wp-content\/uploads\/2018\/11\/letranslozerienwebpdf-4-768x500.png 768w\" sizes=\"auto, (max-width: 1237px) 100vw, 1237px\" \/><br \/>\n&nbsp;<br \/>\n<em>Arriv\u00e9e du train en gare de Mende<\/em><br \/>\n<img loading=\"lazy\" decoding=\"async\" class=\" aligncenter size-full wp-image-2497\" src=\"http:\/\/5.45.101.177\/haut-allier\/usagers-transportse\/wp-content\/uploads\/2018\/11\/letranslozerienwebpdf-3.png\" alt=\"letranslozerienwebpdf-3.png\" align=\"center\" width=\"1257\" height=\"845\" srcset=\"https:\/\/usagers-transports.haut-allier.eu\/wp-content\/uploads\/2018\/11\/letranslozerienwebpdf-3.png 1257w, https:\/\/usagers-transports.haut-allier.eu\/wp-content\/uploads\/2018\/11\/letranslozerienwebpdf-3-300x202.png 300w, https:\/\/usagers-transports.haut-allier.eu\/wp-content\/uploads\/2018\/11\/letranslozerienwebpdf-3-1024x688.png 1024w, https:\/\/usagers-transports.haut-allier.eu\/wp-content\/uploads\/2018\/11\/letranslozerienwebpdf-3-768x516.png 768w\" sizes=\"auto, (max-width: 1257px) 100vw, 1257px\" \/><br \/>\n&nbsp;<br \/>\n&#8211; UN TRAC\u00c9 INCERTAIN, PLUSIEURS FOIS REMIS EN CAUSE<br \/>\n&nbsp;<br \/>\n<em>Gare de Belvezet<\/em><br \/>\n<img loading=\"lazy\" decoding=\"async\" class=\" aligncenter size-full wp-image-2498\" src=\"http:\/\/5.45.101.177\/haut-allier\/usagers-transportse\/wp-content\/uploads\/2018\/11\/letranslozerienwebpdf-5.png\" alt=\"letranslozerienwebpdf-5.png\" align=\"center\" width=\"1253\" height=\"816\" srcset=\"https:\/\/usagers-transports.haut-allier.eu\/wp-content\/uploads\/2018\/11\/letranslozerienwebpdf-5.png 1253w, https:\/\/usagers-transports.haut-allier.eu\/wp-content\/uploads\/2018\/11\/letranslozerienwebpdf-5-300x195.png 300w, https:\/\/usagers-transports.haut-allier.eu\/wp-content\/uploads\/2018\/11\/letranslozerienwebpdf-5-1024x667.png 1024w, https:\/\/usagers-transports.haut-allier.eu\/wp-content\/uploads\/2018\/11\/letranslozerienwebpdf-5-768x500.png 768w\" sizes=\"auto, (max-width: 1253px) 100vw, 1253px\" \/><br \/>\n&nbsp;<br \/>\nDes mises en \u0153uvre d\u00e9licates \/<br \/>\nStevenson, t\u00e9moin des premi\u00e8res \u00e9tudes de trac\u00e9s d\u00e8s 1878<br \/>\n&nbsp;<br \/>\n&#8211; UN CHANTIER DE 30 ANN\u00c9ES<\/p>\n<p>Des ouvrages d\u2019art remarquables \/<br \/>\nBalsi\u00e8ges, cit\u00e9 des ponts \/<br \/>\nChemineaux et cheminots un grand besoin de main d\u2019\u0153uvre, de nouveaux m\u00e9tiers de proximit\u00e9 \/<br \/>\nL\u2019architecture des b\u00e2timents ferroviaires<br \/>\n&nbsp;<br \/>\n<em>La gare de Labastide<\/em><br \/>\n<img loading=\"lazy\" decoding=\"async\" class=\" aligncenter size-full wp-image-2499\" src=\"http:\/\/5.45.101.177\/haut-allier\/usagers-transportse\/wp-content\/uploads\/2018\/11\/letranslozerienwebpdf-6.png\" alt=\"letranslozerienwebpdf-6.png\" align=\"center\" width=\"1229\" height=\"609\" srcset=\"https:\/\/usagers-transports.haut-allier.eu\/wp-content\/uploads\/2018\/11\/letranslozerienwebpdf-6.png 1229w, https:\/\/usagers-transports.haut-allier.eu\/wp-content\/uploads\/2018\/11\/letranslozerienwebpdf-6-300x149.png 300w, https:\/\/usagers-transports.haut-allier.eu\/wp-content\/uploads\/2018\/11\/letranslozerienwebpdf-6-1024x507.png 1024w, https:\/\/usagers-transports.haut-allier.eu\/wp-content\/uploads\/2018\/11\/letranslozerienwebpdf-6-768x381.png 768w\" sizes=\"auto, (max-width: 1229px) 100vw, 1229px\" \/><br \/>\n&nbsp;<br \/>\n&#8211; LES VOIES ET LES LOCOMOTIVES<br \/>\n&nbsp;<br \/>\n<em>Train en gare de Bagnols-Chadenet, 1948<\/em><br \/>\n<img loading=\"lazy\" decoding=\"async\" class=\" aligncenter size-full wp-image-2500\" src=\"http:\/\/5.45.101.177\/haut-allier\/usagers-transportse\/wp-content\/uploads\/2018\/11\/letranslozerienwebpdf-11.png\" alt=\"letranslozerienwebpdf-11.png\" align=\"center\" width=\"1181\" height=\"680\" srcset=\"https:\/\/usagers-transports.haut-allier.eu\/wp-content\/uploads\/2018\/11\/letranslozerienwebpdf-11.png 1181w, https:\/\/usagers-transports.haut-allier.eu\/wp-content\/uploads\/2018\/11\/letranslozerienwebpdf-11-300x173.png 300w, https:\/\/usagers-transports.haut-allier.eu\/wp-content\/uploads\/2018\/11\/letranslozerienwebpdf-11-1024x590.png 1024w, https:\/\/usagers-transports.haut-allier.eu\/wp-content\/uploads\/2018\/11\/letranslozerienwebpdf-11-768x442.png 768w\" sizes=\"auto, (max-width: 1181px) 100vw, 1181px\" \/><br \/>\n&nbsp;<br \/>\n&#8211; LES AVATARS D&rsquo;UNE LIGNE P\u00c9RILLEUSE<br \/>\n&nbsp;<br \/>\nLe train des neiges<br \/>\n<img loading=\"lazy\" decoding=\"async\" class=\" aligncenter size-full wp-image-2501\" src=\"http:\/\/5.45.101.177\/haut-allier\/usagers-transportse\/wp-content\/uploads\/2018\/11\/letranslozerienwebpdf-7.png\" alt=\"letranslozerienwebpdf-7.png\" align=\"center\" width=\"1262\" height=\"786\" srcset=\"https:\/\/usagers-transports.haut-allier.eu\/wp-content\/uploads\/2018\/11\/letranslozerienwebpdf-7.png 1262w, https:\/\/usagers-transports.haut-allier.eu\/wp-content\/uploads\/2018\/11\/letranslozerienwebpdf-7-300x187.png 300w, https:\/\/usagers-transports.haut-allier.eu\/wp-content\/uploads\/2018\/11\/letranslozerienwebpdf-7-1024x638.png 1024w, https:\/\/usagers-transports.haut-allier.eu\/wp-content\/uploads\/2018\/11\/letranslozerienwebpdf-7-768x478.png 768w\" sizes=\"auto, (max-width: 1262px) 100vw, 1262px\" \/><br \/>\n&nbsp;<br \/>\nD\u00e9raillement mortel \u00e0 Chadenet<br \/>\n<img loading=\"lazy\" decoding=\"async\" class=\" aligncenter size-full wp-image-2502\" src=\"http:\/\/5.45.101.177\/haut-allier\/usagers-transportse\/wp-content\/uploads\/2018\/11\/letranslozerienwebpdf-8.png\" alt=\"letranslozerienwebpdf-8.png\" align=\"center\" width=\"1263\" height=\"802\" srcset=\"https:\/\/usagers-transports.haut-allier.eu\/wp-content\/uploads\/2018\/11\/letranslozerienwebpdf-8.png 1263w, https:\/\/usagers-transports.haut-allier.eu\/wp-content\/uploads\/2018\/11\/letranslozerienwebpdf-8-300x190.png 300w, https:\/\/usagers-transports.haut-allier.eu\/wp-content\/uploads\/2018\/11\/letranslozerienwebpdf-8-1024x650.png 1024w, https:\/\/usagers-transports.haut-allier.eu\/wp-content\/uploads\/2018\/11\/letranslozerienwebpdf-8-768x488.png 768w\" sizes=\"auto, (max-width: 1263px) 100vw, 1263px\" \/><br \/>\n&nbsp;<br \/>\nLanterne de chef de gare<br \/>\n&nbsp;<br \/>\n<em>Un t\u00e9l\u00e9phone de secours de la ligne : il y a toujours le m\u00eame \u00e0 Alleyras sur la ligne des C\u00e9vennes et la SNCF refuse de le changer. Il va bient\u00f4t \u00eatre centenaire !<\/em><br \/>\n<img loading=\"lazy\" decoding=\"async\" class=\" aligncenter size-full wp-image-2503\" src=\"http:\/\/5.45.101.177\/haut-allier\/usagers-transportse\/wp-content\/uploads\/2018\/11\/letranslozerienwebpdf-10.png\" alt=\"letranslozerienwebpdf-10.png\" align=\"center\" width=\"937\" height=\"842\" srcset=\"https:\/\/usagers-transports.haut-allier.eu\/wp-content\/uploads\/2018\/11\/letranslozerienwebpdf-10.png 937w, https:\/\/usagers-transports.haut-allier.eu\/wp-content\/uploads\/2018\/11\/letranslozerienwebpdf-10-300x270.png 300w, https:\/\/usagers-transports.haut-allier.eu\/wp-content\/uploads\/2018\/11\/letranslozerienwebpdf-10-768x690.png 768w\" sizes=\"auto, (max-width: 937px) 100vw, 937px\" \/><br \/>\n&nbsp;<br \/>\n&#8211; LE TRAIN : VOIE DE L\u2019ESSOR \u00c9CONOMIQUE<br \/>\n&nbsp;<br \/>\nMinerai, bois, b\u00e9tail, nos mati\u00e8res premi\u00e8res quittent d\u00e9sormais la Loz\u00e8re \/<br \/>\nL\u2019alli\u00e9 des d\u00e9buts du tourisme<br \/>\n<img loading=\"lazy\" decoding=\"async\" class=\" aligncenter size-full wp-image-2504\" src=\"http:\/\/5.45.101.177\/haut-allier\/usagers-transportse\/wp-content\/uploads\/2018\/11\/letranslozerienwebpdf-9.png\" alt=\"letranslozerienwebpdf-9.png\" align=\"center\" width=\"578\" height=\"812\" srcset=\"https:\/\/usagers-transports.haut-allier.eu\/wp-content\/uploads\/2018\/11\/letranslozerienwebpdf-9.png 578w, https:\/\/usagers-transports.haut-allier.eu\/wp-content\/uploads\/2018\/11\/letranslozerienwebpdf-9-214x300.png 214w\" sizes=\"auto, (max-width: 578px) 100vw, 578px\" \/><br \/>\n&nbsp;<br \/>\n&#8211; LE TRAIN CONTEUR D\u2019HISTOIRE<br \/>\n&nbsp;<br \/>\nLigne 1884 \u2013 Mende-Le Monastier : au fil du Lot et des terres des comtes-\u00e9v\u00eaques \/<br \/>\nLigne 1902 &#8211; Mende- La Bastide : l\u2019ascension du toit de la France \/<br \/>\n&nbsp;<br \/>\n&#8211; 1921-1939, LARZALIER-CHARPAL UNE LIGNE CLASS\u00c9E \u00abSECRET-D\u00c9FENSE \u00bb<br \/>\n&nbsp;<br \/>\n<em>Restes de la voie vers le lac Charpal<\/em><br \/>\n<img loading=\"lazy\" decoding=\"async\" class=\" aligncenter size-full wp-image-2505\" src=\"http:\/\/5.45.101.177\/haut-allier\/usagers-transportse\/wp-content\/uploads\/2018\/11\/letranslozerienwebpdf-12.png\" alt=\"letranslozerienwebpdf-12.png\" align=\"center\" width=\"1242\" height=\"836\" srcset=\"https:\/\/usagers-transports.haut-allier.eu\/wp-content\/uploads\/2018\/11\/letranslozerienwebpdf-12.png 1242w, https:\/\/usagers-transports.haut-allier.eu\/wp-content\/uploads\/2018\/11\/letranslozerienwebpdf-12-300x202.png 300w, https:\/\/usagers-transports.haut-allier.eu\/wp-content\/uploads\/2018\/11\/letranslozerienwebpdf-12-1024x689.png 1024w, https:\/\/usagers-transports.haut-allier.eu\/wp-content\/uploads\/2018\/11\/letranslozerienwebpdf-12-768x517.png 768w\" sizes=\"auto, (max-width: 1242px) 100vw, 1242px\" \/><br \/>\n&nbsp;<br \/>\nL&rsquo;opuscule est consultable ici en PDF :<br \/>\n&nbsp;<br \/>\n<a href=\"http:\/\/5.45.101.177\/haut-allier\/usagers-transportse\/wp-content\/uploads\/2018\/11\/le-translozerien-web.pdf\">le-translozerien-web.pdf<\/a><br \/>\n&nbsp;<br \/>\n<em>Contact : Pays d\u2019art et d\u2019histoire Mende &#038; Lot en G\u00e9vaudan, 5 rue Saint-Privat, 48000 Mende, 04 66 31 27 39.<\/em><br \/>\n&nbsp;<\/p>\n","protected":false},"excerpt":{"rendered":"<p>Le sommaire qui va vous faire pr\u00e9cipiter sur sa lecture en bas d&rsquo;article : &nbsp; &nbsp; &#8211; UNE<\/p>\n","protected":false},"author":1,"featured_media":2493,"comment_status":"open","ping_status":"open","sticky":false,"template":"","format":"standard","meta":{"footnotes":""},"categories":[3],"tags":[],"class_list":["post-531","post","type-post","status-publish","format-standard","has-post-thumbnail","hentry","category-en-train"],"_links":{"self":[{"href":"https:\/\/usagers-transports.haut-allier.eu\/index.php\/wp-json\/wp\/v2\/posts\/531","targetHints":{"allow":["GET"]}}],"collection":[{"href":"https:\/\/usagers-transports.haut-allier.eu\/index.php\/wp-json\/wp\/v2\/posts"}],"about":[{"href":"https:\/\/usagers-transports.haut-allier.eu\/index.php\/wp-json\/wp\/v2\/types\/post"}],"author":[{"embeddable":true,"href":"https:\/\/usagers-transports.haut-allier.eu\/index.php\/wp-json\/wp\/v2\/users\/1"}],"replies":[{"embeddable":true,"href":"https:\/\/usagers-transports.haut-allier.eu\/index.php\/wp-json\/wp\/v2\/comments?post=531"}],"version-history":[{"count":0,"href":"https:\/\/usagers-transports.haut-allier.eu\/index.php\/wp-json\/wp\/v2\/posts\/531\/revisions"}],"wp:featuredmedia":[{"embeddable":true,"href":"https:\/\/usagers-transports.haut-allier.eu\/index.php\/wp-json\/wp\/v2\/media\/2493"}],"wp:attachment":[{"href":"https:\/\/usagers-transports.haut-allier.eu\/index.php\/wp-json\/wp\/v2\/media?parent=531"}],"wp:term":[{"taxonomy":"category","embeddable":true,"href":"https:\/\/usagers-transports.haut-allier.eu\/index.php\/wp-json\/wp\/v2\/categories?post=531"},{"taxonomy":"post_tag","embeddable":true,"href":"https:\/\/usagers-transports.haut-allier.eu\/index.php\/wp-json\/wp\/v2\/tags?post=531"}],"curies":[{"name":"wp","href":"https:\/\/api.w.org\/{rel}","templated":true}]}}