{"id":532,"date":"2018-11-13T09:51:10","date_gmt":"2018-11-13T08:51:10","guid":{"rendered":"http:\/\/5.45.101.177\/haut-allier\/usagers-transportse\/index.php\/2018\/11\/13\/fete-des-lumieres-en-decembre-a532\/"},"modified":"2018-11-13T09:51:10","modified_gmt":"2018-11-13T08:51:10","slug":"fete-des-lumieres-en-decembre-a532","status":"publish","type":"post","link":"https:\/\/usagers-transports.haut-allier.eu\/index.php\/2018\/11\/13\/fete-des-lumieres-en-decembre-a532\/","title":{"rendered":"F\u00eate des Lumi\u00e8res en d\u00e9cembre \u00e0 Lyon : des billets TER \u00e0 -50%"},"content":{"rendered":"<p>SNCF TER Auvergne Rh\u00f4ne Alpes met en vente <strong>\u00e0 partir du 19 novembre<\/strong> jusqu&rsquo;au 9 d\u00e9cembre des billets \u00e0 -50% pour se rendre \u00e0 la <a href=\"http:\/\/www.fetedeslumieres.lyon.fr\/fr\"><strong>F\u00eate des lumi\u00e8res 2018<\/strong><\/a> \u00e0 Lyon qui se d\u00e9roulera du 6 au 9 d\u00e9cembre.<br \/>\n&nbsp;<br \/>\n<img loading=\"lazy\" decoding=\"async\" class=\" aligncenter size-full wp-image-2508\" src=\"http:\/\/5.45.101.177\/haut-allier\/usagers-transportse\/wp-content\/uploads\/2018\/11\/fete_des_lumieres_sncf_ter_auvergne_rhone_alpes_50_de_reduction_sur_le_trajet_onglet_plus_d_infos.png\" alt=\"fete_des_lumieres_sncf_ter_auvergne_rhone_alpes_50_de_reduction_sur_le_trajet_onglet_plus_d_infos.png\" align=\"center\" width=\"822\" height=\"570\" srcset=\"https:\/\/usagers-transports.haut-allier.eu\/wp-content\/uploads\/2018\/11\/fete_des_lumieres_sncf_ter_auvergne_rhone_alpes_50_de_reduction_sur_le_trajet_onglet_plus_d_infos.png 822w, https:\/\/usagers-transports.haut-allier.eu\/wp-content\/uploads\/2018\/11\/fete_des_lumieres_sncf_ter_auvergne_rhone_alpes_50_de_reduction_sur_le_trajet_onglet_plus_d_infos-300x208.png 300w, https:\/\/usagers-transports.haut-allier.eu\/wp-content\/uploads\/2018\/11\/fete_des_lumieres_sncf_ter_auvergne_rhone_alpes_50_de_reduction_sur_le_trajet_onglet_plus_d_infos-768x533.png 768w\" sizes=\"auto, (max-width: 822px) 100vw, 822px\" \/><br \/>\n&nbsp;<br \/>\nIl y aura \u00e9galement des trains et autocars de retour en fin de soir\u00e9e, en plus des circulations habituelles, le jeudi 6, vendredi 7 et samedi 8 d\u00e9cembre (le samedi jusqu&rsquo;\u00e0 midi).<br \/>\n&nbsp;<br \/>\n<img loading=\"lazy\" decoding=\"async\" class=\" aligncenter size-full wp-image-2509\" src=\"http:\/\/5.45.101.177\/haut-allier\/usagers-transportse\/wp-content\/uploads\/2018\/11\/fetedeslumieres.png\" alt=\"fetedeslumieres.png\" align=\"center\" width=\"756\" height=\"428\" srcset=\"https:\/\/usagers-transports.haut-allier.eu\/wp-content\/uploads\/2018\/11\/fetedeslumieres.png 756w, https:\/\/usagers-transports.haut-allier.eu\/wp-content\/uploads\/2018\/11\/fetedeslumieres-300x170.png 300w\" sizes=\"auto, (max-width: 756px) 100vw, 756px\" \/><br \/>\n&nbsp;<br \/>\nPour les billets \u00e7a se passe par ici sur <a href=\"https:\/\/www.ter.sncf.com\/auvergne-rhone-alpes\/loisirs\/evenements\/fete-lumieres\/%5Btab%5Dplusdinfos\"><strong>cette page<\/strong><\/a>.<\/p>\n","protected":false},"excerpt":{"rendered":"<p>SNCF TER Auvergne Rh\u00f4ne Alpes met en vente \u00e0 partir du 19 novembre jusqu&rsquo;au 9 d\u00e9cembre des billets<\/p>\n","protected":false},"author":1,"featured_media":2507,"comment_status":"open","ping_status":"open","sticky":false,"template":"","format":"standard","meta":{"footnotes":""},"categories":[3],"tags":[],"class_list":["post-532","post","type-post","status-publish","format-standard","has-post-thumbnail","hentry","category-en-train"],"_links":{"self":[{"href":"https:\/\/usagers-transports.haut-allier.eu\/index.php\/wp-json\/wp\/v2\/posts\/532","targetHints":{"allow":["GET"]}}],"collection":[{"href":"https:\/\/usagers-transports.haut-allier.eu\/index.php\/wp-json\/wp\/v2\/posts"}],"about":[{"href":"https:\/\/usagers-transports.haut-allier.eu\/index.php\/wp-json\/wp\/v2\/types\/post"}],"author":[{"embeddable":true,"href":"https:\/\/usagers-transports.haut-allier.eu\/index.php\/wp-json\/wp\/v2\/users\/1"}],"replies":[{"embeddable":true,"href":"https:\/\/usagers-transports.haut-allier.eu\/index.php\/wp-json\/wp\/v2\/comments?post=532"}],"version-history":[{"count":0,"href":"https:\/\/usagers-transports.haut-allier.eu\/index.php\/wp-json\/wp\/v2\/posts\/532\/revisions"}],"wp:featuredmedia":[{"embeddable":true,"href":"https:\/\/usagers-transports.haut-allier.eu\/index.php\/wp-json\/wp\/v2\/media\/2507"}],"wp:attachment":[{"href":"https:\/\/usagers-transports.haut-allier.eu\/index.php\/wp-json\/wp\/v2\/media?parent=532"}],"wp:term":[{"taxonomy":"category","embeddable":true,"href":"https:\/\/usagers-transports.haut-allier.eu\/index.php\/wp-json\/wp\/v2\/categories?post=532"},{"taxonomy":"post_tag","embeddable":true,"href":"https:\/\/usagers-transports.haut-allier.eu\/index.php\/wp-json\/wp\/v2\/tags?post=532"}],"curies":[{"name":"wp","href":"https:\/\/api.w.org\/{rel}","templated":true}]}}