{"id":533,"date":"2018-11-14T19:10:25","date_gmt":"2018-11-14T18:10:25","guid":{"rendered":"http:\/\/5.45.101.177\/haut-allier\/usagers-transportse\/index.php\/2018\/11\/14\/aura-la-region-se-reveille-enfin533\/"},"modified":"2026-09-01T15:54:51","modified_gmt":"2026-09-01T13:54:51","slug":"aura-la-region-se-reveille-enfin533","status":"publish","type":"post","link":"https:\/\/usagers-transports.haut-allier.eu\/index.php\/2018\/11\/14\/aura-la-region-se-reveille-enfin533\/","title":{"rendered":"Aura ! la r\u00e9gion se r\u00e9veille enfin pour ses usagers TER"},"content":{"rendered":"Moment \u00e0 marquer d&rsquo;une pierre blanche : presque 3 ans apr\u00e8s son d\u00e9but d&rsquo;installation \u00e0 Lyon l&rsquo;\u00e9quipe de Wauquiez commence \u00e0 bouger !\n&nbsp;\nNous esp\u00e9rons simplement que ce n&rsquo;est pas l\u00e0 un effet d&rsquo;enfumage pour calmer les usagers auvergnats et ceux de Rh\u00f4ne Alpes avant la r\u00e9union pr\u00e9vue la semaine prochaine \u00e0 Clermont-Ferrand avec Martine Guibert la vice-pr\u00e9sidente de la r\u00e9gion d\u00e9l\u00e9gu\u00e9e aux transports. Et surtout que les remarques des voyageurs seront trait\u00e9es !\n&nbsp;\nToujours est-il, venons en aux faits, que le site Internet de la r\u00e9gion propose d\u00e9sormais une page tr\u00e8s claire, d\u00e9di\u00e9e aux usagers TER, avec la carte des liaisons r\u00e9gionales, un explicatif bien con\u00e7u, et surtout :\n&nbsp;\nUn formulaire de signalement bien con\u00e7u pour tout probl\u00e8me li\u00e9 \u00e0 la qualit\u00e9 du service TER de la SNCF. \n&nbsp;\n<img loading=\"lazy\" decoding=\"async\" class=\" aligncenter size-full wp-image-2511\" src=\"http:\/\/5.45.101.177\/haut-allier\/usagers-transportse\/wp-content\/uploads\/2018\/11\/usagers01.png\" alt=\"usagers01.png\" align=\"center\" width=\"931\" height=\"818\" srcset=\"https:\/\/usagers-transports.haut-allier.eu\/wp-content\/uploads\/2018\/11\/usagers01.png 931w, https:\/\/usagers-transports.haut-allier.eu\/wp-content\/uploads\/2018\/11\/usagers01-300x264.png 300w, https:\/\/usagers-transports.haut-allier.eu\/wp-content\/uploads\/2018\/11\/usagers01-768x675.png 768w\" sizes=\"auto, (max-width: 931px) 100vw, 931px\" \/>\n&nbsp;\n<img loading=\"lazy\" decoding=\"async\" class=\" aligncenter size-full wp-image-2512\" src=\"http:\/\/5.45.101.177\/haut-allier\/usagers-transportse\/wp-content\/uploads\/2018\/11\/usagers02.png\" alt=\"usagers02.png\" align=\"center\" width=\"931\" height=\"870\" srcset=\"https:\/\/usagers-transports.haut-allier.eu\/wp-content\/uploads\/2018\/11\/usagers02.png 931w, https:\/\/usagers-transports.haut-allier.eu\/wp-content\/uploads\/2018\/11\/usagers02-300x280.png 300w, https:\/\/usagers-transports.haut-allier.eu\/wp-content\/uploads\/2018\/11\/usagers02-768x718.png 768w\" sizes=\"auto, (max-width: 931px) 100vw, 931px\" \/>\n&nbsp;\n<img loading=\"lazy\" decoding=\"async\" class=\" aligncenter size-full wp-image-2513\" src=\"http:\/\/5.45.101.177\/haut-allier\/usagers-transportse\/wp-content\/uploads\/2018\/11\/usagers03.png\" alt=\"usagers03.png\" align=\"center\" width=\"935\" height=\"872\" srcset=\"https:\/\/usagers-transports.haut-allier.eu\/wp-content\/uploads\/2018\/11\/usagers03.png 935w, https:\/\/usagers-transports.haut-allier.eu\/wp-content\/uploads\/2018\/11\/usagers03-300x280.png 300w, https:\/\/usagers-transports.haut-allier.eu\/wp-content\/uploads\/2018\/11\/usagers03-768x716.png 768w\" sizes=\"auto, (max-width: 935px) 100vw, 935px\" \/>\n&nbsp;\n<img loading=\"lazy\" decoding=\"async\" class=\" aligncenter size-full wp-image-2514\" src=\"http:\/\/5.45.101.177\/haut-allier\/usagers-transportse\/wp-content\/uploads\/2018\/11\/usagers04.png\" alt=\"usagers04.png\" align=\"center\" width=\"937\" height=\"875\" srcset=\"https:\/\/usagers-transports.haut-allier.eu\/wp-content\/uploads\/2018\/11\/usagers04.png 937w, https:\/\/usagers-transports.haut-allier.eu\/wp-content\/uploads\/2018\/11\/usagers04-300x280.png 300w, https:\/\/usagers-transports.haut-allier.eu\/wp-content\/uploads\/2018\/11\/usagers04-768x717.png 768w\" sizes=\"auto, (max-width: 937px) 100vw, 937px\" \/>\n&nbsp;\n<img loading=\"lazy\" decoding=\"async\" class=\" aligncenter size-full wp-image-2515\" src=\"http:\/\/5.45.101.177\/haut-allier\/usagers-transportse\/wp-content\/uploads\/2018\/11\/usagers05.png\" alt=\"usagers05.png\" align=\"center\" width=\"938\" height=\"672\" srcset=\"https:\/\/usagers-transports.haut-allier.eu\/wp-content\/uploads\/2018\/11\/usagers05.png 938w, https:\/\/usagers-transports.haut-allier.eu\/wp-content\/uploads\/2018\/11\/usagers05-300x215.png 300w, https:\/\/usagers-transports.haut-allier.eu\/wp-content\/uploads\/2018\/11\/usagers05-768x550.png 768w\" sizes=\"auto, (max-width: 938px) 100vw, 938px\" \/>\n&nbsp;\n\n\nLa carte du r\u00e9seau (on clique) :\n&nbsp;\n<a href=\"http:\/\/5.45.101.177\/haut-allier\/usagers-transportse\/wp-content\/uploads\/2018\/11\/cartedu-reseau-ter-version-la-region-vous-transporte.pdf\">cartedu-reseau-ter-version-la-region-vous-transporte.pdf<\/a>\n&nbsp;\n\n\nUtilisez et abusez.\n&nbsp;\nUn changement s&rsquo;op\u00e9rerait-il enfin \u00e0 la r\u00e9gion ?\n&nbsp;\n<a href=\"https:\/\/www.auvergnerhonealpes.fr\/330-usagers-ter.htm?form_ok_65=1#form_65\"><strong>La page de la r\u00e9gion Auvergne Rh\u00f4ne Alpes pour ses usagers TER.<\/strong><\/a>\n&nbsp; <p>&nbsp;<\/p>\n\n\t<figure class=\"wp-block-gallery columns-1 is-cropped wp-block-gallery-1 is-layout-flex wp-block-gallery-is-layout-flex\">\n\t\t<ul class=\"blocks-gallery-grid\">\n\t\t\t<li class=\"blocks-gallery-item\">\n\t\t\t\t<figure>\n\t\t\t\t\t\t\t\t\t\t\t<img loading=\"lazy\" decoding=\"async\" width=\"930\" height=\"860\" src=\"http:\/\/5.45.101.177\/haut-allier\/usagers-transportse\/wp-content\/uploads\/2018\/11\/usagers06.png\"\n\t\t\t\t\t\t alt=\"usagers06.png\"\n\t\t\t\t\t\t data-id=\"2517\"\n\t\t\t\t\t\t data-full-url=\"http:\/\/5.45.101.177\/haut-allier\/usagers-transportse\/wp-content\/uploads\/2018\/11\/usagers06.png\"\n\t\t\t\t\t\t data-link=\"http:\/\/5.45.101.177\/haut-allier\/usagers-transportse\/attachment-usagers06-png\/\"\n\t\t\t\t\t\t class=\"wp-image-2517\" srcset=\"https:\/\/usagers-transports.haut-allier.eu\/wp-content\/uploads\/2018\/11\/usagers06.png 930w, https:\/\/usagers-transports.haut-allier.eu\/wp-content\/uploads\/2018\/11\/usagers06-300x277.png 300w, https:\/\/usagers-transports.haut-allier.eu\/wp-content\/uploads\/2018\/11\/usagers06-768x710.png 768w\" sizes=\"auto, (max-width: 930px) 100vw, 930px\" \/>\n\t\t\t\t<\/figure>\n\t\t\t<\/li>\n\t\t<\/ul>\n\t<\/figure>\n","protected":false},"excerpt":{"rendered":"<p>Moment \u00e0 marquer d&rsquo;une pierre blanche : presque 3 ans apr\u00e8s son d\u00e9but d&rsquo;installation \u00e0 Lyon l&rsquo;\u00e9quipe de<\/p>\n","protected":false},"author":1,"featured_media":2510,"comment_status":"open","ping_status":"open","sticky":false,"template":"","format":"standard","meta":{"footnotes":""},"categories":[3],"tags":[],"class_list":["post-533","post","type-post","status-publish","format-standard","has-post-thumbnail","hentry","category-en-train"],"_links":{"self":[{"href":"https:\/\/usagers-transports.haut-allier.eu\/index.php\/wp-json\/wp\/v2\/posts\/533","targetHints":{"allow":["GET"]}}],"collection":[{"href":"https:\/\/usagers-transports.haut-allier.eu\/index.php\/wp-json\/wp\/v2\/posts"}],"about":[{"href":"https:\/\/usagers-transports.haut-allier.eu\/index.php\/wp-json\/wp\/v2\/types\/post"}],"author":[{"embeddable":true,"href":"https:\/\/usagers-transports.haut-allier.eu\/index.php\/wp-json\/wp\/v2\/users\/1"}],"replies":[{"embeddable":true,"href":"https:\/\/usagers-transports.haut-allier.eu\/index.php\/wp-json\/wp\/v2\/comments?post=533"}],"version-history":[{"count":1,"href":"https:\/\/usagers-transports.haut-allier.eu\/index.php\/wp-json\/wp\/v2\/posts\/533\/revisions"}],"predecessor-version":[{"id":2518,"href":"https:\/\/usagers-transports.haut-allier.eu\/index.php\/wp-json\/wp\/v2\/posts\/533\/revisions\/2518"}],"wp:featuredmedia":[{"embeddable":true,"href":"https:\/\/usagers-transports.haut-allier.eu\/index.php\/wp-json\/wp\/v2\/media\/2510"}],"wp:attachment":[{"href":"https:\/\/usagers-transports.haut-allier.eu\/index.php\/wp-json\/wp\/v2\/media?parent=533"}],"wp:term":[{"taxonomy":"category","embeddable":true,"href":"https:\/\/usagers-transports.haut-allier.eu\/index.php\/wp-json\/wp\/v2\/categories?post=533"},{"taxonomy":"post_tag","embeddable":true,"href":"https:\/\/usagers-transports.haut-allier.eu\/index.php\/wp-json\/wp\/v2\/tags?post=533"}],"curies":[{"name":"wp","href":"https:\/\/api.w.org\/{rel}","templated":true}]}}